{"id":252485,"date":"2015-11-12T13:15:25","date_gmt":"2015-11-12T13:15:25","guid":{"rendered":"http:\/\/diariodominicano.ddns.net\/?p=252485"},"modified":"2015-11-12T13:15:25","modified_gmt":"2015-11-12T13:15:25","slug":"maduro-denuncia-manipulacion-de-tema-de-derechos-humanos-en-venezuela","status":"publish","type":"post","link":"https:\/\/diariodominicano.com\/?p=252485","title":{"rendered":"Maduro denuncia manipulaci\u00f3n de tema de derechos humanos en Venezuela"},"content":{"rendered":"<p><body><\/p>\n<p><img decoding=\"async\" src=\"img3\/maduro-derechoshumanos.jpg\" \/>  <\/p>\n<p><span class=\"text1noticias\">  <\/span><\/p>\n<p><span class=\"text1noticias\">Ginebra, 12 nov (PL) El presidente venezolano, Nicol\u00e1s Maduro, denunci\u00f3 hoy aqu\u00ed que su pa\u00eds enfrenta un acoso permanente y la manipulaci\u00f3n del tema de los derechos humanos.<\/span><\/p>\n<\/p>\n<p><span class=\"text1noticias\">El objetivo es aislar a nuestra naci\u00f3n y proteger a quienes intentan destruir la democracia. Se trata de grupos extremistas que tienen el apoyo de los lobby del mundo, subray\u00f3 al intervenir ante el Consejo de Derechos Humanos.<\/span><\/p>\n<\/p>\n<p><span class=\"text1noticias\">Son los mismos que en el 2002 dieron el golpe de estado y que buscan una especie de impunidad internacional y derrocar gobiernos elegidos democr\u00e1ticamente como el nuestro, enfatiz\u00f3 Maduro.<\/span><\/p>\n<\/p>\n<p><span class=\"text1noticias\">Record\u00f3 la operaci\u00f3n violenta generada en 2014 que incendi\u00f3 medio pa\u00eds, con 43 v\u00edctimas mortales.<\/span><\/p>\n<\/p>\n<p><span class=\"text1noticias\">El objetivo de las llamadas guarimbas era acabar con este esfuerzo de independencia nacional, de nuestro propio modelo econ\u00f3mico, pol\u00edtico y social. Esos intentos fracasaron y los victimarios van por el mundo vendi\u00e9ndose como v\u00edctimas, apunt\u00f3 el mandatario.<\/span><\/p>\n<\/p>\n<p><span class=\"text1noticias\">No ser\u00e1 la primera vez que derrumbaremos las mentiras con la poderosa verdad de Venezuela, donde se construye un nuevo estado social, de derecho, justo, democr\u00e1tico, asever\u00f3.<\/span><\/p>\n<\/p>\n<p><span class=\"text1noticias\">El jefe de Estado recalc\u00f3 que \u00abnuestro pueblo ama la libertad. No venimos de los altos salones de las elites mundiales, venimos de la lucha popular, de los sindicatos, de la lucha obrera, del magistrado. Tenemos el reto inmenso de construir una nueva sociedad\u00bb.<\/span><\/p>\n<\/p>\n<p><span class=\"text1noticias\">Desde hace 17 a\u00f1os en Venezuela, resalt\u00f3, se construye un estado de bienestar y justicia. Naci\u00f3 una nueva forma de ver los derechos humanos, como un todo indivisible, que integra y agrupa un conjunto de divisiones y pone al ser humano en el centro de toda actividad social.<\/span><\/p>\n<\/p>\n<p><span class=\"text1noticias\">Nuestro Comandante Hugo Ch\u00e1vez tom\u00f3 el legado de El Libertador Sim\u00f3n bol\u00edvar para poner al ser humano en el centro de los esfuerzos, a\u00f1adi\u00f3 Maduro al reiterar que la constituci\u00f3n venezolana define muy claramente la protecci\u00f3n de los derechos de los sectores sensibles de la sociedad.<\/span><\/p>\n<\/p>\n<p><span class=\"text1noticias\">A pesar de las complejidades del a\u00f1o 2015 por la guerra econ\u00f3mica y los bajos precios del petr\u00f3leo, cerraremos con cifras r\u00e9cords de disminuci\u00f3n de pobreza y miseria, agreg\u00f3.<\/span><\/p>\n<\/p>\n<p><span class=\"text1noticias\">Tambi\u00e9n se refiri\u00f3 a los planes sociales desarrollados en educaci\u00f3n, salud, cultura, vivienda, a la implementaci\u00f3n de inversiones p\u00fablicas y de acciones para incentivar la generaci\u00f3n de empleo de calidad.<\/span><\/p>\n<\/p>\n<p><span class=\"text1noticias\">Pese a las dificultades, manifest\u00f3 el mandatario, Venezuela est\u00e1 saliendo victoriosa de este 2015, lo cual evidencia que el estado social de bienestar que estamos construyendo es viable, \u00fatil y exitoso desde el punto de vista de los derechos humanos y de las garant\u00edas.<\/span><\/p>\n<\/p>\n<p><span class=\"text1noticias\">Sobre las elecciones parlamentarias del pr\u00f3ximo 6 de diciembre, apunt\u00f3 que el pueblo ratificar\u00e1 su vocaci\u00f3n de paz, soberan\u00eda, democracia y libertad en un pa\u00eds que en los \u00faltimos 17 a\u00f1os hizo 19 elecciones y cinco referendos consultivos.<\/span><\/p>\n<h6> 2015-11-12 13:15:25 <\/h6>\n<p><!--\n<link rel=\"stylesheet\" href=\"css\/bootstrap.min.css\">\n\n\n<ul class=\"pagination\">\n\t    \n\t\n\n<li >\n\t<a href='?page_no=22129'>Previous<\/a>\n\t<\/li>\n\n\n       \n    \n\n<li><a href='?page_no=1'>1<\/a><\/li>\n\n\n\n<li><a href='?page_no=2'>2<\/a><\/li>\n\n\n\n<li><a>...<\/a><\/li>\n\n\n\n<li><a href='?page_no=22128'>22128<\/a><\/li>\n\n\n\n<li><a href='?page_no=22129'>22129<\/a><\/li>\n\n\n\n<li class='active'><a>22130<\/a><\/li>\n\n\n\n<li><a href='?page_no=22131'>22131<\/a><\/li>\n\n\n\n<li><a href='?page_no=22132'>22132<\/a><\/li>\n\n\n\n<li><a>...<\/a><\/li>\n\n\n\n<li><a href='?page_no=51012'>51012<\/a><\/li>\n\n\n\n<li><a href='?page_no=51013'>51013<\/a><\/li>\n\n    \n\t\n\n<li >\n\t<a href='?page_no=22131'>Next<\/a>\n\t<\/li>\n\n\n    \n\n<li><a href='?page_no=51013'>Last &rsaquo;&rsaquo;<\/a><\/li>\n\n<\/ul>\n\n\n--><br \/>\n<\/body><\/p>\n","protected":false},"excerpt":{"rendered":"<p>Ginebra, 12 nov (PL) El presidente venezolano, Nicol\u00e1s Maduro, denunci\u00f3 hoy aqu\u00ed que su pa\u00eds enfrenta un acoso permanente y la manipulaci\u00f3n del tema de los derechos humanos. El objetivo es aislar a nuestra naci\u00f3n y proteger a quienes intentan destruir la democracia. Se trata de grupos extremistas que tienen el apoyo de los lobby [&hellip;]<\/p>\n","protected":false},"author":3,"featured_media":0,"comment_status":"open","ping_status":"open","sticky":false,"template":"","format":"standard","meta":{"footnotes":""},"categories":[23],"tags":[],"class_list":["post-252485","post","type-post","status-publish","format-standard","hentry","category-internacional"],"_links":{"self":[{"href":"https:\/\/diariodominicano.com\/index.php?rest_route=\/wp\/v2\/posts\/252485","targetHints":{"allow":["GET"]}}],"collection":[{"href":"https:\/\/diariodominicano.com\/index.php?rest_route=\/wp\/v2\/posts"}],"about":[{"href":"https:\/\/diariodominicano.com\/index.php?rest_route=\/wp\/v2\/types\/post"}],"author":[{"embeddable":true,"href":"https:\/\/diariodominicano.com\/index.php?rest_route=\/wp\/v2\/users\/3"}],"replies":[{"embeddable":true,"href":"https:\/\/diariodominicano.com\/index.php?rest_route=%2Fwp%2Fv2%2Fcomments&post=252485"}],"version-history":[{"count":0,"href":"https:\/\/diariodominicano.com\/index.php?rest_route=\/wp\/v2\/posts\/252485\/revisions"}],"wp:attachment":[{"href":"https:\/\/diariodominicano.com\/index.php?rest_route=%2Fwp%2Fv2%2Fmedia&parent=252485"}],"wp:term":[{"taxonomy":"category","embeddable":true,"href":"https:\/\/diariodominicano.com\/index.php?rest_route=%2Fwp%2Fv2%2Fcategories&post=252485"},{"taxonomy":"post_tag","embeddable":true,"href":"https:\/\/diariodominicano.com\/index.php?rest_route=%2Fwp%2Fv2%2Ftags&post=252485"}],"curies":[{"name":"wp","href":"https:\/\/api.w.org\/{rel}","templated":true}]}}