{"id":252481,"date":"2015-11-12T20:13:24","date_gmt":"2015-11-12T20:13:24","guid":{"rendered":"http:\/\/diariodominicano.ddns.net\/?p=252481"},"modified":"2015-11-12T20:13:24","modified_gmt":"2015-11-12T20:13:24","slug":"mexico-ordena-a-fiscalia-presente-bienes-incautados-a-el-chapo","status":"publish","type":"post","link":"https:\/\/diariodominicano.com\/?p=252481","title":{"rendered":"M\u00e9xico ordena a Fiscal\u00eda presente bienes incautados a \u00abEl Chapo\u00bb"},"content":{"rendered":"<p><body><\/p>\n<p><span class=\"text1noticias\">MEXICO, 12 nov (Xinhua) &#8212; El Instituto Nacional de Transparencia, Acceso a la Informaci\u00f3n y Protecci\u00f3n de Datos Personales (INAI) de M\u00e9xico, orden\u00f3 hoy a la Procuradur\u00eda General de la Rep\u00fablica (PGR, fiscal\u00eda) a buscar y entregar informaci\u00f3n de \u00abtodos los bienes\u00bb  incautados al capo Joaqu\u00edn \u00abEl Chapo\u00bb Guzm\u00e1n, pr\u00f3fugo de la ley desde el 11 de julio pasado.<\/span><\/p>\n<p><span class=\"text1noticias\"> <\/span><\/p>\n<p><span class=\"text1noticias\">Los datos \u00abdeben estar desagregados por tipo de bien, cantidad, aval\u00fao de cada uno de ellos y el valor aproximado de todos los bienes, conforme a lo pedido por el particular que requiri\u00f3 un reporte del hist\u00f3rico de los aseguramientos o decomisos\u00bb, al 19 de agosto de 2015, cuando present\u00f3 su solicitud, determinaron los comisionados del INAI.<\/span><\/p>\n<p><span class=\"text1noticias\"> <\/span><\/p>\n<p><span class=\"text1noticias\">El Pleno del INAI resolvi\u00f3 este d\u00eda un recurso de revisi\u00f3n presentado por un particular inconforme con la respuesta de la PGR a su petici\u00f3n, pues dicha instancia se excus\u00f3 al sostener que los aseguramientos ministeriales se encuentran integrados en la averiguaci\u00f3n previa y, por tanto, tiene car\u00e1cter de informaci\u00f3n reservada.<\/span><\/p>\n<p><span class=\"text1noticias\"> <\/span><\/p>\n<p><span class=\"text1noticias\">\u00abNo hay argumento de peso para sostener que esa relaci\u00f3n de bienes sea parte de una averiguaci\u00f3n previa; como parte de algunos elementos de consideraci\u00f3n del Ministerio P\u00fablico, pero por su naturaleza o su tipolog\u00eda no pueden ser considerados, por s\u00ed mismos, como parte de una averiguaci\u00f3n previa\u00bb, sostuvo el comisionado Francisco Javier Acu\u00f1a.<\/span><\/p>\n<p><span class=\"text1noticias\"> <\/span><\/p>\n<p><span class=\"text1noticias\">Por ello, se determin\u00f3 que la PGR deber\u00e1 realizar una nueva b\u00fasqueda exhaustiva de la informaci\u00f3n y, una vez localizada, haga entrega de la misma al recurrente en los t\u00e9rminos en los cuales obra en sus archi<\/span>vos.<\/p>\n<h6> 2015-11-12 20:13:24 <\/h6>\n<p><!--\n<link rel=\"stylesheet\" href=\"css\/bootstrap.min.css\">\n\n\n<ul class=\"pagination\">\n\t    \n\t\n\n<li >\n\t<a href='?page_no=22125'>Previous<\/a>\n\t<\/li>\n\n\n       \n    \n\n<li><a href='?page_no=1'>1<\/a><\/li>\n\n\n\n<li><a href='?page_no=2'>2<\/a><\/li>\n\n\n\n<li><a>...<\/a><\/li>\n\n\n\n<li><a href='?page_no=22124'>22124<\/a><\/li>\n\n\n\n<li><a href='?page_no=22125'>22125<\/a><\/li>\n\n\n\n<li class='active'><a>22126<\/a><\/li>\n\n\n\n<li><a href='?page_no=22127'>22127<\/a><\/li>\n\n\n\n<li><a href='?page_no=22128'>22128<\/a><\/li>\n\n\n\n<li><a>...<\/a><\/li>\n\n\n\n<li><a href='?page_no=51012'>51012<\/a><\/li>\n\n\n\n<li><a href='?page_no=51013'>51013<\/a><\/li>\n\n    \n\t\n\n<li >\n\t<a href='?page_no=22127'>Next<\/a>\n\t<\/li>\n\n\n    \n\n<li><a href='?page_no=51013'>Last &rsaquo;&rsaquo;<\/a><\/li>\n\n<\/ul>\n\n\n--><br \/>\n<\/body><\/p>\n","protected":false},"excerpt":{"rendered":"<p>MEXICO, 12 nov (Xinhua) &#8212; El Instituto Nacional de Transparencia, Acceso a la Informaci\u00f3n y Protecci\u00f3n de Datos Personales (INAI) de M\u00e9xico, orden\u00f3 hoy a la Procuradur\u00eda General de la Rep\u00fablica (PGR, fiscal\u00eda) a buscar y entregar informaci\u00f3n de \u00abtodos los bienes\u00bb incautados al capo Joaqu\u00edn \u00abEl Chapo\u00bb Guzm\u00e1n, pr\u00f3fugo de la ley desde el [&hellip;]<\/p>\n","protected":false},"author":3,"featured_media":0,"comment_status":"open","ping_status":"open","sticky":false,"template":"","format":"standard","meta":{"footnotes":""},"categories":[23],"tags":[],"class_list":["post-252481","post","type-post","status-publish","format-standard","hentry","category-internacional"],"_links":{"self":[{"href":"https:\/\/diariodominicano.com\/index.php?rest_route=\/wp\/v2\/posts\/252481","targetHints":{"allow":["GET"]}}],"collection":[{"href":"https:\/\/diariodominicano.com\/index.php?rest_route=\/wp\/v2\/posts"}],"about":[{"href":"https:\/\/diariodominicano.com\/index.php?rest_route=\/wp\/v2\/types\/post"}],"author":[{"embeddable":true,"href":"https:\/\/diariodominicano.com\/index.php?rest_route=\/wp\/v2\/users\/3"}],"replies":[{"embeddable":true,"href":"https:\/\/diariodominicano.com\/index.php?rest_route=%2Fwp%2Fv2%2Fcomments&post=252481"}],"version-history":[{"count":0,"href":"https:\/\/diariodominicano.com\/index.php?rest_route=\/wp\/v2\/posts\/252481\/revisions"}],"wp:attachment":[{"href":"https:\/\/diariodominicano.com\/index.php?rest_route=%2Fwp%2Fv2%2Fmedia&parent=252481"}],"wp:term":[{"taxonomy":"category","embeddable":true,"href":"https:\/\/diariodominicano.com\/index.php?rest_route=%2Fwp%2Fv2%2Fcategories&post=252481"},{"taxonomy":"post_tag","embeddable":true,"href":"https:\/\/diariodominicano.com\/index.php?rest_route=%2Fwp%2Fv2%2Ftags&post=252481"}],"curies":[{"name":"wp","href":"https:\/\/api.w.org\/{rel}","templated":true}]}}