{"id":252480,"date":"2015-11-12T20:23:53","date_gmt":"2015-11-12T20:23:53","guid":{"rendered":"http:\/\/diariodominicano.ddns.net\/?p=252480"},"modified":"2015-11-12T20:23:53","modified_gmt":"2015-11-12T20:23:53","slug":"presentan-querella-contra-jefe-de-policia-por-matanza-en-haiti","status":"publish","type":"post","link":"https:\/\/diariodominicano.com\/?p=252480","title":{"rendered":"Presentan querella contra jefe de polic\u00eda por matanza en Hait\u00ed"},"content":{"rendered":"<p><body><\/p>\n<p><span class=\"text1noticias\">HAIT\u00cd, 13 nov (Xinhua) &#8212; El jefe de la Polic\u00eda Nacional de Hait\u00ed (PNH), Godson Or\u00e9lus, y otros funcionarios fueron demandados judicialmente por la supuesta muerte el mes pasado de alrededor de quince personas en un barrio de Puerto Pr\u00edncipe, se inform\u00f3 hoy en la capital haitiana.<\/span><\/p>\n<p><span class=\"text1noticias\"> <\/span><\/p>\n<p><span class=\"text1noticias\">El ex diputado Almetys Junior Saint-Fleur dijo que la demanda incluye al director policial del Departamento del Oeste, Andr\u00e9 Jonas Vladimir Paraison; al alcalde de Cit\u00e9 Soleil, comuna del norte de la ciudad, Esau Beauchard; al comisario municipal Joel Cass\u00e9us, y a un agente pr\u00f3ximo al presidente Michel Martelly, Vladimir Jean-Louis.<\/span><\/p>\n<p><span class=\"text1noticias\"> <\/span><\/p>\n<p><span class=\"text1noticias\">Las muertes ocurrieron a mediados del mes pasado, cuando enfrentamientos en Cit\u00e9 Soleil entre bandas armadas oblig\u00f3 la r\u00e1pida intervenci\u00f3n de decenas de agentes de la Brigada de Intervenci\u00f3n y Funcionamiento Departamental (BOID en franc\u00e9s), una unidad especial de la Polic\u00eda, de reciente creaci\u00f3n, que detuvo a alrededor de 140 personas.<\/span><\/p>\n<p><span class=\"text1noticias\"> <\/span><\/p>\n<p><span class=\"text1noticias\">Beauchard dijo entonces que doce personas fallecieron, mientras el propio Saint-Fleur denunci\u00f3 la muerte de su hermano, Frendy Saint-Fleur, en manos de personal del BOID, a quienes tambi\u00e9n alcanza la demanda.<\/span><\/p>\n<p><span class=\"text1noticias\"> <\/span><\/p>\n<p><span class=\"text1noticias\">Saint-Fleur agreg\u00f3 que durante operaciones realizadas el 26 de septiembre y 2 de octubre, los agentes violaron la residencias de los habitantes de Cit\u00e9 Soleil, torturaron a adolescentes, mujeres y ni\u00f1os, y robaron objetos de valor y \u00abtodo el dinero que hallaron en su camino\u00bb.<\/span><\/p>\n<p><span class=\"text1noticias\"> <\/span><\/p>\n<p><span class=\"text1noticias\">Las operaciones se intensificaron el 16 de octubre, fecha en que se produjo la supuesta matanza, aunque d\u00edas despu\u00e9s el portavoz de la PNH, el comisario Frantz Lerebours, dijo que s\u00f3lo fallecieron dos personas, \u00abj\u00f3venes que abrieron fuego contra las fuerzas de seguridad\u00bb.<\/span><\/p>\n<p><span class=\"text1noticias\"> <\/span><\/p>\n<p><span class=\"text1noticias\">La violencia es un fen\u00f3meno recurrente en Hait\u00ed, donde 454 personas, incluyendo varios polic\u00edas, murieron asesinadas en el primer semestre de este a\u00f1o seg\u00fan la Comisi\u00f3n Nacional de los Obispos para la Justicia y la Paz (conocida como JILAP).<\/span><\/p>\n<p><span class=\"text1noticias\"> <\/span><\/p>\n<p><span class=\"text1noticias\">La seguridad de Hait\u00ed est\u00e1 a cargo de s\u00f3lo 12.000 agentes de la polic\u00eda haitiana y de 5.145 efectivos militares y policiales de la Misi\u00f3n de la ONU para la Estabilizaci\u00f3n de Hait\u00ed (Minustah), que ejecuta actualmente un retiro escalonado de<\/span>l pa\u00eds.<\/p>\n<h6> 2015-11-12 20:23:53 <\/h6>\n<p><!--\n<link rel=\"stylesheet\" href=\"css\/bootstrap.min.css\">\n\n\n<ul class=\"pagination\">\n\t    \n\t\n\n<li >\n\t<a href='?page_no=22124'>Previous<\/a>\n\t<\/li>\n\n\n       \n    \n\n<li><a href='?page_no=1'>1<\/a><\/li>\n\n\n\n<li><a href='?page_no=2'>2<\/a><\/li>\n\n\n\n<li><a>...<\/a><\/li>\n\n\n\n<li><a href='?page_no=22123'>22123<\/a><\/li>\n\n\n\n<li><a href='?page_no=22124'>22124<\/a><\/li>\n\n\n\n<li class='active'><a>22125<\/a><\/li>\n\n\n\n<li><a href='?page_no=22126'>22126<\/a><\/li>\n\n\n\n<li><a href='?page_no=22127'>22127<\/a><\/li>\n\n\n\n<li><a>...<\/a><\/li>\n\n\n\n<li><a href='?page_no=51012'>51012<\/a><\/li>\n\n\n\n<li><a href='?page_no=51013'>51013<\/a><\/li>\n\n    \n\t\n\n<li >\n\t<a href='?page_no=22126'>Next<\/a>\n\t<\/li>\n\n\n    \n\n<li><a href='?page_no=51013'>Last &rsaquo;&rsaquo;<\/a><\/li>\n\n<\/ul>\n\n\n--><br \/>\n<\/body><\/p>\n","protected":false},"excerpt":{"rendered":"<p>HAIT\u00cd, 13 nov (Xinhua) &#8212; El jefe de la Polic\u00eda Nacional de Hait\u00ed (PNH), Godson Or\u00e9lus, y otros funcionarios fueron demandados judicialmente por la supuesta muerte el mes pasado de alrededor de quince personas en un barrio de Puerto Pr\u00edncipe, se inform\u00f3 hoy en la capital haitiana. El ex diputado Almetys Junior Saint-Fleur dijo que [&hellip;]<\/p>\n","protected":false},"author":3,"featured_media":0,"comment_status":"open","ping_status":"open","sticky":false,"template":"","format":"standard","meta":{"footnotes":""},"categories":[23],"tags":[],"class_list":["post-252480","post","type-post","status-publish","format-standard","hentry","category-internacional"],"_links":{"self":[{"href":"https:\/\/diariodominicano.com\/index.php?rest_route=\/wp\/v2\/posts\/252480","targetHints":{"allow":["GET"]}}],"collection":[{"href":"https:\/\/diariodominicano.com\/index.php?rest_route=\/wp\/v2\/posts"}],"about":[{"href":"https:\/\/diariodominicano.com\/index.php?rest_route=\/wp\/v2\/types\/post"}],"author":[{"embeddable":true,"href":"https:\/\/diariodominicano.com\/index.php?rest_route=\/wp\/v2\/users\/3"}],"replies":[{"embeddable":true,"href":"https:\/\/diariodominicano.com\/index.php?rest_route=%2Fwp%2Fv2%2Fcomments&post=252480"}],"version-history":[{"count":0,"href":"https:\/\/diariodominicano.com\/index.php?rest_route=\/wp\/v2\/posts\/252480\/revisions"}],"wp:attachment":[{"href":"https:\/\/diariodominicano.com\/index.php?rest_route=%2Fwp%2Fv2%2Fmedia&parent=252480"}],"wp:term":[{"taxonomy":"category","embeddable":true,"href":"https:\/\/diariodominicano.com\/index.php?rest_route=%2Fwp%2Fv2%2Fcategories&post=252480"},{"taxonomy":"post_tag","embeddable":true,"href":"https:\/\/diariodominicano.com\/index.php?rest_route=%2Fwp%2Fv2%2Ftags&post=252480"}],"curies":[{"name":"wp","href":"https:\/\/api.w.org\/{rel}","templated":true}]}}