{"id":252479,"date":"2015-11-13T12:22:00","date_gmt":"2015-11-13T12:22:00","guid":{"rendered":"http:\/\/diariodominicano.ddns.net\/?p=252479"},"modified":"2015-11-13T12:22:00","modified_gmt":"2015-11-13T12:22:00","slug":"colombia-acciones-castrenses-y-paramilitares-amenazan-gestion-de-paz","status":"publish","type":"post","link":"https:\/\/diariodominicano.com\/?p=252479","title":{"rendered":"Colombia: Acciones castrenses y paramilitares amenazan gesti\u00f3n de paz"},"content":{"rendered":"<p><body><\/p>\n<p><img decoding=\"async\" src=\"img3\/frente-amplio-paz1.jpg\" \/>  <\/p>\n<\/p>\n<p>Bogot\u00e1, 13 nov (PL) El Frente Amplio por la Paz (FAP) alert\u00f3 sobre el peligro que representa para la tregua de las FARC-EP la persistencia de operativos castrenses en zonas donde radican esos insurgentes y el incremento del paramilitarismo, rese\u00f1aron hoy televisoras colombianas.<\/p>\n<\/p>\n<p>Nos preocupa que puedan convertirse en provocaciones las actuaciones de uniformados dentro de los espacios en los cuales permanecen asentadas las Fuerzas Armadas Revolucionarias de Colombia-Ej\u00e9rcito del Pueblo (FARC-EP), afirm\u00f3 el padre Alberto Franco, uno de los voceros del FAP en declaraciones a Canal Capital.<\/p>\n<\/p>\n<p>Desde el pasado 20 de julio ese grupo rebelde comenz\u00f3 su sexta pausa combativa, decretada de manera aut\u00f3noma con el objetivo de minimizar la victimizaci\u00f3n de la poblaci\u00f3n civil y avanzar hacia el t\u00e9rmino del largo conflicto.<\/p>\n<\/p>\n<p>Adicionalmente instaron al Gobierno a responder de manera rec\u00edproca con un silenciamiento de todos los fusiles, medida condicionada por el presidente Juan Manuel Santos a futuros acuerdos en la mesa de concertaci\u00f3n entre ambas partes beligerantes, con sede en Cuba desde 2012.<\/p>\n<\/p>\n<p>En su m\u00e1s reciente informe de veedur\u00eda el FAP exigi\u00f3 al Ejecutivo cumplir con el compromiso de promover el desescalamiento o reducci\u00f3n de la magnitud de la guerra y exhort\u00f3 a progresar en la definici\u00f3n de los t\u00e9rminos para establecer el cese el fuego bilateral y definitivo.<\/p>\n<\/p>\n<p>La reactivaci\u00f3n o proliferaci\u00f3n del fen\u00f3meno del paramilitarismo en al menos cinco departamentos de la naci\u00f3n fue otro de los flagelos denunciados por el Frente Amplio.<\/p>\n<\/p>\n<p>Hemos verificado que la presencia e influencia de esas bandas es similar a los niveles apreciados en 1990 y 2000, enfatiz\u00f3 Agust\u00edn Jim\u00e9nez, otro de los portavoces de la convergencia de asociaciones encargada de supervisar el cumplimiento de la tregua proclamada por las FARC-EP.<\/p>\n<\/p>\n<p>En su \u00faltimo dictamen los veedores demandaron implementar pol\u00edticas concretas que favorezcan el desmote de las organizaciones paramilitares, incluyendo investigaciones y sanciones a funcionarios y miembros de la Fuerza P\u00fablica que apoyan y colaboran con esas estructuras, dijeron.<\/p>\n<\/p>\n<p>Finalmente solicitaron garant\u00edas para la oposici\u00f3n pol\u00edtica ante lo que llamaron patr\u00f3n de persecuci\u00f3n contra los integrantes de tales sectores, l\u00edderes sociales y defensores de derechos humanos.<\/p>\n<\/p>\n<p>Representantes gubernamentales y de las FARC-EP dialogan en la capital cubana para hallar una soluci\u00f3n consensuada a la confrontaci\u00f3n b\u00e9lica, como resultado de tales encuentros acordaron agilizar las negociaciones en busca de un tratado pacificador y al mismo tiempo disminuir el impacto de la conflagraci\u00f3n a lo interno de Colombia.<\/p>\n<h6> 2015-11-13 12:22:00 <\/h6>\n<p><!--\n<link rel=\"stylesheet\" href=\"css\/bootstrap.min.css\">\n\n\n<ul class=\"pagination\">\n\t    \n\t\n\n<li >\n\t<a href='?page_no=22123'>Previous<\/a>\n\t<\/li>\n\n\n       \n    \n\n<li><a href='?page_no=1'>1<\/a><\/li>\n\n\n\n<li><a href='?page_no=2'>2<\/a><\/li>\n\n\n\n<li><a>...<\/a><\/li>\n\n\n\n<li><a href='?page_no=22122'>22122<\/a><\/li>\n\n\n\n<li><a href='?page_no=22123'>22123<\/a><\/li>\n\n\n\n<li class='active'><a>22124<\/a><\/li>\n\n\n\n<li><a href='?page_no=22125'>22125<\/a><\/li>\n\n\n\n<li><a href='?page_no=22126'>22126<\/a><\/li>\n\n\n\n<li><a>...<\/a><\/li>\n\n\n\n<li><a href='?page_no=51012'>51012<\/a><\/li>\n\n\n\n<li><a href='?page_no=51013'>51013<\/a><\/li>\n\n    \n\t\n\n<li >\n\t<a href='?page_no=22125'>Next<\/a>\n\t<\/li>\n\n\n    \n\n<li><a href='?page_no=51013'>Last &rsaquo;&rsaquo;<\/a><\/li>\n\n<\/ul>\n\n\n--><br \/>\n<\/body><\/p>\n","protected":false},"excerpt":{"rendered":"<p>Bogot\u00e1, 13 nov (PL) El Frente Amplio por la Paz (FAP) alert\u00f3 sobre el peligro que representa para la tregua de las FARC-EP la persistencia de operativos castrenses en zonas donde radican esos insurgentes y el incremento del paramilitarismo, rese\u00f1aron hoy televisoras colombianas. Nos preocupa que puedan convertirse en provocaciones las actuaciones de uniformados dentro [&hellip;]<\/p>\n","protected":false},"author":3,"featured_media":0,"comment_status":"open","ping_status":"open","sticky":false,"template":"","format":"standard","meta":{"footnotes":""},"categories":[23],"tags":[],"class_list":["post-252479","post","type-post","status-publish","format-standard","hentry","category-internacional"],"_links":{"self":[{"href":"https:\/\/diariodominicano.com\/index.php?rest_route=\/wp\/v2\/posts\/252479","targetHints":{"allow":["GET"]}}],"collection":[{"href":"https:\/\/diariodominicano.com\/index.php?rest_route=\/wp\/v2\/posts"}],"about":[{"href":"https:\/\/diariodominicano.com\/index.php?rest_route=\/wp\/v2\/types\/post"}],"author":[{"embeddable":true,"href":"https:\/\/diariodominicano.com\/index.php?rest_route=\/wp\/v2\/users\/3"}],"replies":[{"embeddable":true,"href":"https:\/\/diariodominicano.com\/index.php?rest_route=%2Fwp%2Fv2%2Fcomments&post=252479"}],"version-history":[{"count":0,"href":"https:\/\/diariodominicano.com\/index.php?rest_route=\/wp\/v2\/posts\/252479\/revisions"}],"wp:attachment":[{"href":"https:\/\/diariodominicano.com\/index.php?rest_route=%2Fwp%2Fv2%2Fmedia&parent=252479"}],"wp:term":[{"taxonomy":"category","embeddable":true,"href":"https:\/\/diariodominicano.com\/index.php?rest_route=%2Fwp%2Fv2%2Fcategories&post=252479"},{"taxonomy":"post_tag","embeddable":true,"href":"https:\/\/diariodominicano.com\/index.php?rest_route=%2Fwp%2Fv2%2Ftags&post=252479"}],"curies":[{"name":"wp","href":"https:\/\/api.w.org\/{rel}","templated":true}]}}