{"id":252478,"date":"2015-11-13T12:26:30","date_gmt":"2015-11-13T12:26:30","guid":{"rendered":"http:\/\/diariodominicano.ddns.net\/?p=252478"},"modified":"2015-11-13T12:26:30","modified_gmt":"2015-11-13T12:26:30","slug":"continuan-en-haiti-protestas-contra-resultados-electorales","status":"publish","type":"post","link":"https:\/\/diariodominicano.com\/?p=252478","title":{"rendered":"Contin\u00faan en Hait\u00ed protestas contra resultados electorales"},"content":{"rendered":"<p><body><\/p>\n<p><img decoding=\"async\" src=\"img3\/haiti-protestas-elecciones.jpg\" \/>  <\/p>\n<p><span class=\"text1noticias\">\t <\/span><\/p>\n<p><span class=\"text1noticias\">  <\/span><\/p>\n<p><span class=\"text1noticias\"> Puerto Pr\u00edncipe, 13 nov (PL) Las manifestaciones callejeras organizadas por la oposici\u00f3n para protestar contra los resultados de las elecciones del 25 de octubre continuaron hoy en esta capital y algunas otras ciudades del interior haitiano. (PLRadio)<\/span><\/p>\n<\/p>\n<p><span class=\"text1noticias\">A los manifestantes de las plataformas Pitit Dessalines y la Liga Alternativa por el Progreso y Emancipaci\u00f3n Haitiana (LAPEH), que desde el mi\u00e9rcoles est\u00e1n en las calles, se unieron la v\u00edspera los de los partidos Verdad, Renmen Hait\u00ed y Fanmi Lavalas.<\/span><\/p>\n<\/p>\n<p><span class=\"text1noticias\">Los diferentes grupos han intercambiado saludos por participar en la misma lucha y exigen la renuncia del jefe de Estado, Michel Martelly, y la formaci\u00f3n de un gobierno de transici\u00f3n.<\/span><\/p>\n<\/p>\n<p><span class=\"text1noticias\">Todos rechazan los resultados de los comicios dados a conocer el 5 de noviembre por el Consejo Provisional Electoral (CEP) y manifiestan que ahora hay que considerar la realizaci\u00f3n de elecciones generales.<\/span><\/p>\n<\/p>\n<p><span class=\"text1noticias\">Otra variante propuesta a trav\u00e9s de Radio Metropole por Pedro Mat\u00edas, Miembro del Consejo Ejecutivo de Pitit Dessalines, es sacar de la lista al candidato oficialista Jovenel Moise y celebrar la segunda vuelta entre los otros tres m\u00e1s votados.<\/span><\/p>\n<\/p>\n<p><span class=\"text1noticias\">Los manifestantes han expresado su ira rompiendo los carteles donde aparece Jovenel Moise y anuncian que habr\u00e1 movilizaci\u00f3n exigiendo respeto al voto popular mientras no sean atendidas sus demandas.<\/span><\/p>\n<\/p>\n<p><span class=\"text1noticias\">En tanto la representaci\u00f3n de Naciones Unidas en esta capital emiti\u00f3 un comunicado desmintiendo que haya participado en los intentos de manipulaci\u00f3n de las recientes elecciones, lo que indica que se desvincula de cualquier posible fraude.<\/span><\/p>\n<\/p>\n<p><span class=\"text1noticias\">El texto indica que esas acusaciones son infundadas y que la representaci\u00f3n de la ONU prest\u00f3 apoyo log\u00edstico para la entrega y la recuperaci\u00f3n de materiales sensibles que fueron transportados en convoyes acompa\u00f1ados por agentes de la policia haitiana.<\/span><\/p>\n<\/p>\n<p><span class=\"text1noticias\">El comunicado a\u00f1ade que los funcionarios de Naciones Unidas no han tenido en ning\u00fan momento acceso a esos contenidos que estaban debidamente sellados e insiste en que su papel se limit\u00f3 estrictamente a dar apoyo log\u00edstico.<\/span><\/p>\n<h6> 2015-11-13 12:26:30 <\/h6>\n<p><!--\n<link rel=\"stylesheet\" href=\"css\/bootstrap.min.css\">\n\n\n<ul class=\"pagination\">\n\t    \n\t\n\n<li >\n\t<a href='?page_no=22122'>Previous<\/a>\n\t<\/li>\n\n\n       \n    \n\n<li><a href='?page_no=1'>1<\/a><\/li>\n\n\n\n<li><a href='?page_no=2'>2<\/a><\/li>\n\n\n\n<li><a>...<\/a><\/li>\n\n\n\n<li><a href='?page_no=22121'>22121<\/a><\/li>\n\n\n\n<li><a href='?page_no=22122'>22122<\/a><\/li>\n\n\n\n<li class='active'><a>22123<\/a><\/li>\n\n\n\n<li><a href='?page_no=22124'>22124<\/a><\/li>\n\n\n\n<li><a href='?page_no=22125'>22125<\/a><\/li>\n\n\n\n<li><a>...<\/a><\/li>\n\n\n\n<li><a href='?page_no=51012'>51012<\/a><\/li>\n\n\n\n<li><a href='?page_no=51013'>51013<\/a><\/li>\n\n    \n\t\n\n<li >\n\t<a href='?page_no=22124'>Next<\/a>\n\t<\/li>\n\n\n    \n\n<li><a href='?page_no=51013'>Last &rsaquo;&rsaquo;<\/a><\/li>\n\n<\/ul>\n\n\n--><br \/>\n<\/body><\/p>\n","protected":false},"excerpt":{"rendered":"<p>Puerto Pr\u00edncipe, 13 nov (PL) Las manifestaciones callejeras organizadas por la oposici\u00f3n para protestar contra los resultados de las elecciones del 25 de octubre continuaron hoy en esta capital y algunas otras ciudades del interior haitiano. (PLRadio) A los manifestantes de las plataformas Pitit Dessalines y la Liga Alternativa por el Progreso y Emancipaci\u00f3n Haitiana [&hellip;]<\/p>\n","protected":false},"author":3,"featured_media":0,"comment_status":"open","ping_status":"open","sticky":false,"template":"","format":"standard","meta":{"footnotes":""},"categories":[23],"tags":[],"class_list":["post-252478","post","type-post","status-publish","format-standard","hentry","category-internacional"],"_links":{"self":[{"href":"https:\/\/diariodominicano.com\/index.php?rest_route=\/wp\/v2\/posts\/252478","targetHints":{"allow":["GET"]}}],"collection":[{"href":"https:\/\/diariodominicano.com\/index.php?rest_route=\/wp\/v2\/posts"}],"about":[{"href":"https:\/\/diariodominicano.com\/index.php?rest_route=\/wp\/v2\/types\/post"}],"author":[{"embeddable":true,"href":"https:\/\/diariodominicano.com\/index.php?rest_route=\/wp\/v2\/users\/3"}],"replies":[{"embeddable":true,"href":"https:\/\/diariodominicano.com\/index.php?rest_route=%2Fwp%2Fv2%2Fcomments&post=252478"}],"version-history":[{"count":0,"href":"https:\/\/diariodominicano.com\/index.php?rest_route=\/wp\/v2\/posts\/252478\/revisions"}],"wp:attachment":[{"href":"https:\/\/diariodominicano.com\/index.php?rest_route=%2Fwp%2Fv2%2Fmedia&parent=252478"}],"wp:term":[{"taxonomy":"category","embeddable":true,"href":"https:\/\/diariodominicano.com\/index.php?rest_route=%2Fwp%2Fv2%2Fcategories&post=252478"},{"taxonomy":"post_tag","embeddable":true,"href":"https:\/\/diariodominicano.com\/index.php?rest_route=%2Fwp%2Fv2%2Ftags&post=252478"}],"curies":[{"name":"wp","href":"https:\/\/api.w.org\/{rel}","templated":true}]}}