{"id":252477,"date":"2015-11-13T12:32:52","date_gmt":"2015-11-13T12:32:52","guid":{"rendered":"http:\/\/diariodominicano.ddns.net\/?p=252477"},"modified":"2015-11-13T12:32:52","modified_gmt":"2015-11-13T12:32:52","slug":"turquia-y-ee-uu-dialogan-sobre-cita-de-viena-dedicada-a-siria","status":"publish","type":"post","link":"https:\/\/diariodominicano.com\/?p=252477","title":{"rendered":"Turqu\u00eda y EE.UU. dialogan sobre cita de Viena dedicada a Siria"},"content":{"rendered":"<p><body><\/p>\n<p><img decoding=\"async\" src=\"img3\/euaturquia_fsinirlioglu_ker.jpg\" \/>  <\/p>\n<p><span class=\"text1noticias\">  <\/span><\/p>\n<p><span class=\"text1noticias\">Ankara, 13 nov (PL) El ministro turco de Relaciones Exteriores, Feridun Sinirlioglu, dialoga hoy sobre Siria con el secretario norteamericano de Estado, John Kerry, en v\u00edsperas de una segunda ronda de conversaciones de casi una veintena de pa\u00edses en Viena.<\/span><\/p>\n<\/p>\n<p><span class=\"text1noticias\">Sinirlioglu tambi\u00e9n se reunir\u00e1 en la capital austriaca con el enviado especial de Naciones Unidas para Siria, Staffan de Mistura, un d\u00eda antes del encuentro para abordar posibles salidas al diferendo en esa naci\u00f3n levantina, se\u00f1ala la versi\u00f3n digital del diario Hurriyet.<\/span><\/p>\n<\/p>\n<p><span class=\"text1noticias\">A su vez, De Mistura conversar\u00e1 con los jefes de la diplomacia de Estados Unidos, Qatar y Arabia Saudita, indica el rotativo.<\/span><\/p>\n<\/p>\n<p><span class=\"text1noticias\">El pasado 30 de octubre, Rusia, China, Estados Unidos, Francia, Alemania, Reino Unido, Italia, Arabia Saudita, Egipto, Ir\u00e1n, Emiratos \u00c1rabes Unidos, Om\u00e1n, El L\u00edbano, Jordania y Turqu\u00eda analizaron en Viena la situaci\u00f3n en Siria y aprobaron una declaraci\u00f3n final.<\/span><\/p>\n<\/p>\n<p><span class=\"text1noticias\">La citada declaraci\u00f3n reafirm\u00f3 la necesidad de respetar las instituciones sirias y de dejar en mano de su pueblo las decisiones pol\u00edticas y del futuro de su pa\u00eds.<\/span><\/p>\n<\/p>\n<p><span class=\"text1noticias\">En el encuentro de ma\u00f1ana tambi\u00e9n se prev\u00e9 la participaci\u00f3n de la Liga \u00c1rabe, la Uni\u00f3n Europea y el enviado de la ONU.<\/span><\/p>\n<\/p>\n<p><span class=\"text1noticias\">La segunda ronda de negociaciones re\u00fane tanto a pa\u00edses que apoyan a quienes consideran como oposici\u00f3n moderada contra el leg\u00edtimo presidente sirio, Bashar Al Assad, como a quienes luchan contra el terrorismo y buscan una soluci\u00f3n pol\u00edtica sin injerencia for\u00e1nea.<\/span><\/p>\n<\/p>\n<p><span class=\"text1noticias\">Damasco acusa a Ankara de entrenar, financiar y pertrechar a formaciones armadas, incluido el Estado Isl\u00e1mico (EI), para actuar contra el ej\u00e9rcito sirio.<\/span><\/p>\n<\/p>\n<p>El formato ampliado para debatir la mencionada crisis surgi\u00f3 casi un mes despu\u00e9s de los ataques de la aviaci\u00f3n rusa contra El, a petici\u00f3n del gobierno sirio, con da\u00f1os visibles a la infraestructura b\u00e9lica de esa agrupaci\u00f3n terrorista.<\/p>\n<h6> 2015-11-13 12:32:52 <\/h6>\n<p><!--\n<link rel=\"stylesheet\" href=\"css\/bootstrap.min.css\">\n\n\n<ul class=\"pagination\">\n\t    \n\t\n\n<li >\n\t<a href='?page_no=22121'>Previous<\/a>\n\t<\/li>\n\n\n       \n    \n\n<li><a href='?page_no=1'>1<\/a><\/li>\n\n\n\n<li><a href='?page_no=2'>2<\/a><\/li>\n\n\n\n<li><a>...<\/a><\/li>\n\n\n\n<li><a href='?page_no=22120'>22120<\/a><\/li>\n\n\n\n<li><a href='?page_no=22121'>22121<\/a><\/li>\n\n\n\n<li class='active'><a>22122<\/a><\/li>\n\n\n\n<li><a href='?page_no=22123'>22123<\/a><\/li>\n\n\n\n<li><a href='?page_no=22124'>22124<\/a><\/li>\n\n\n\n<li><a>...<\/a><\/li>\n\n\n\n<li><a href='?page_no=51012'>51012<\/a><\/li>\n\n\n\n<li><a href='?page_no=51013'>51013<\/a><\/li>\n\n    \n\t\n\n<li >\n\t<a href='?page_no=22123'>Next<\/a>\n\t<\/li>\n\n\n    \n\n<li><a href='?page_no=51013'>Last &rsaquo;&rsaquo;<\/a><\/li>\n\n<\/ul>\n\n\n--><br \/>\n<\/body><\/p>\n","protected":false},"excerpt":{"rendered":"<p>Ankara, 13 nov (PL) El ministro turco de Relaciones Exteriores, Feridun Sinirlioglu, dialoga hoy sobre Siria con el secretario norteamericano de Estado, John Kerry, en v\u00edsperas de una segunda ronda de conversaciones de casi una veintena de pa\u00edses en Viena. Sinirlioglu tambi\u00e9n se reunir\u00e1 en la capital austriaca con el enviado especial de Naciones Unidas [&hellip;]<\/p>\n","protected":false},"author":3,"featured_media":0,"comment_status":"open","ping_status":"open","sticky":false,"template":"","format":"standard","meta":{"footnotes":""},"categories":[23],"tags":[],"class_list":["post-252477","post","type-post","status-publish","format-standard","hentry","category-internacional"],"_links":{"self":[{"href":"https:\/\/diariodominicano.com\/index.php?rest_route=\/wp\/v2\/posts\/252477","targetHints":{"allow":["GET"]}}],"collection":[{"href":"https:\/\/diariodominicano.com\/index.php?rest_route=\/wp\/v2\/posts"}],"about":[{"href":"https:\/\/diariodominicano.com\/index.php?rest_route=\/wp\/v2\/types\/post"}],"author":[{"embeddable":true,"href":"https:\/\/diariodominicano.com\/index.php?rest_route=\/wp\/v2\/users\/3"}],"replies":[{"embeddable":true,"href":"https:\/\/diariodominicano.com\/index.php?rest_route=%2Fwp%2Fv2%2Fcomments&post=252477"}],"version-history":[{"count":0,"href":"https:\/\/diariodominicano.com\/index.php?rest_route=\/wp\/v2\/posts\/252477\/revisions"}],"wp:attachment":[{"href":"https:\/\/diariodominicano.com\/index.php?rest_route=%2Fwp%2Fv2%2Fmedia&parent=252477"}],"wp:term":[{"taxonomy":"category","embeddable":true,"href":"https:\/\/diariodominicano.com\/index.php?rest_route=%2Fwp%2Fv2%2Fcategories&post=252477"},{"taxonomy":"post_tag","embeddable":true,"href":"https:\/\/diariodominicano.com\/index.php?rest_route=%2Fwp%2Fv2%2Ftags&post=252477"}],"curies":[{"name":"wp","href":"https:\/\/api.w.org\/{rel}","templated":true}]}}