{"id":252472,"date":"2015-11-13T13:17:23","date_gmt":"2015-11-13T13:17:23","guid":{"rendered":"http:\/\/diariodominicano.ddns.net\/?p=252472"},"modified":"2015-11-13T13:17:23","modified_gmt":"2015-11-13T13:17:23","slug":"libano-vive-dia-de-duelo-por-43-muertos-en-doble-atentado-suicida","status":"publish","type":"post","link":"https:\/\/diariodominicano.com\/?p=252472","title":{"rendered":"L\u00edbano vive d\u00eda de duelo por 43 muertos en doble atentado suicida"},"content":{"rendered":"<p><body><\/p>\n<p><img decoding=\"async\" src=\"img3\/beirut-atentado.jpg\" \/>  <\/p>\n<\/p>\n<p>Beirut, 13 nov (PL) Las banderas libanesas ondean hoy a media asta en todas las instituciones p\u00fablicas en se\u00f1al de duelo por los 43 muertos en un doble atentado reivindicado por el Estado Isl\u00e1mico (EI) en el sur de esta capital. <\/p>\n<\/p>\n<p>El primer ministro Tammam Salam declar\u00f3 una jornada de luto en la cual se prev\u00e9 que en las plegarias musulmanas de este viernes los sermones se centren en rechazar el terrorismo islamista y mostrar pesar por las v\u00edctimas del ataque ocurrido anoche en el barrio chiita de Burj El-Barajneh.<\/p>\n<\/p>\n<p>Datos actualizados por el ministerio de Salud P\u00fablica refieren que al amanecer de hoy se contaron 43 decesos y 239 heridos a causa de las dos explosiones provocadas por suicidas en el citado vecindario del sur de Beirut, colindante con el campamento de refugiados palestinos hom\u00f3nimo.<\/p>\n<\/p>\n<p>Una fuente de seguridad identific\u00f3 a los terroristas inmolados como Hamed Rashid El-Balegh, Ammar Salem El Rayes (palestinos) y Khaled Ahmed Al-Khaled (sirio), todos afiliados a la organizaci\u00f3n \u00abtakfirista\u00bb (fundamentalista isl\u00e1mica sunnita) DAESH, acr\u00f3nimo \u00e1rabe del EI.<\/p>\n<\/p>\n<p>Residentes en Burj El-Barajneh relataron a Prensa Latina que el liban\u00e9s Luay Saleh Aldanach, oriundo de la ciudad norte\u00f1a Tr\u00edpoli, fue descubierto como el cuarto atacante, al que persiguieron, golpearon y entregaron a las fuerzas policiales de Hizbulah antes de que escapara del lugar.<\/p>\n<\/p>\n<p>En medio de declaraciones de condena a la acci\u00f3n terrorista por parte de l\u00edderes pol\u00edticos, jerarcas religiosos y funcionarios p\u00fablicos, el ministro de Salud Wael Abu Faour afirm\u00f3 que la tr\u00e1gica acci\u00f3n toc\u00f3 a todos los libaneses y confirma que la naci\u00f3n \u00abest\u00e1 en peligro\u00bb.<\/p>\n<\/p>\n<p>Abu Faour visit\u00f3 anoche el barrio ubicado en el Dahiyeh, en el suburbio sur de Beirut, y recorri\u00f3 hospitales del \u00e1rea, aprovechando para urgir a la responsabilidad y solidaridad nacionales, y sugerir un cambio de pol\u00edtica en El L\u00edbano que evite retornar a los tiempos de los atentados con bombas.<\/p>\n<\/p>\n<p>Seg\u00fan el titular, se escap\u00f3 de un verdadero y gran desastre gracias a que uno de los suicidas -que falleci\u00f3 por la acci\u00f3n de los dos primeros- no consigui\u00f3 inmolarse, por lo que demand\u00f3 m\u00e1s coordinaci\u00f3n entre los aparatos de seguridad, al igual que el ministro de Turismo, Michel Pharaon.<\/p>\n<\/p>\n<p>Los sucesos del jueves en Beirut estuvieron antecedidos por el lanzamiento anoche de una bomba de sonido cerca de una casa en Kherbet Dawoud, y la captura de un hombre que llevaba un cintur\u00f3n con explosivos listo para detonar en el municipio de Koubba, de la regi\u00f3n norte\u00f1a de Batroun.<\/p>\n<\/p>\n<p>Tambi\u00e9n el Ej\u00e9rcito liban\u00e9s inform\u00f3 que a partir de informaci\u00f3n de las fuerzas de seguridad, un experto en explosivos desactiv\u00f3 un artefacto de 10 kilogramos conectado a cuatro detonadores en la barriada predominantemente chiita de Jabal Mohsen, en la urbe portuaria de Tr\u00edpoli.<\/p>\n<\/p>\n<p>La polic\u00eda report\u00f3, adem\u00e1s, la captura ayer de un hombre al que describi\u00f3 como peligroso terrorista llamado Mohammad Ibrahim Hujeiry, apodado Abou Ibrahim o Kahroub, tras allanar su vivienda en Arsal, una aldea lim\u00edtrofe blanco frecuente de ataques del EI y el Frente Al-Nusra desde sirio.<\/p>\n<h6> 2015-11-13 13:17:23 <\/h6>\n<p><!--\n<link rel=\"stylesheet\" href=\"css\/bootstrap.min.css\">\n\n\n<ul class=\"pagination\">\n\t    \n\t\n\n<li >\n\t<a href='?page_no=22116'>Previous<\/a>\n\t<\/li>\n\n\n       \n    \n\n<li><a href='?page_no=1'>1<\/a><\/li>\n\n\n\n<li><a href='?page_no=2'>2<\/a><\/li>\n\n\n\n<li><a>...<\/a><\/li>\n\n\n\n<li><a href='?page_no=22115'>22115<\/a><\/li>\n\n\n\n<li><a href='?page_no=22116'>22116<\/a><\/li>\n\n\n\n<li class='active'><a>22117<\/a><\/li>\n\n\n\n<li><a href='?page_no=22118'>22118<\/a><\/li>\n\n\n\n<li><a href='?page_no=22119'>22119<\/a><\/li>\n\n\n\n<li><a>...<\/a><\/li>\n\n\n\n<li><a href='?page_no=51012'>51012<\/a><\/li>\n\n\n\n<li><a href='?page_no=51013'>51013<\/a><\/li>\n\n    \n\t\n\n<li >\n\t<a href='?page_no=22118'>Next<\/a>\n\t<\/li>\n\n\n    \n\n<li><a href='?page_no=51013'>Last &rsaquo;&rsaquo;<\/a><\/li>\n\n<\/ul>\n\n\n--><br \/>\n<\/body><\/p>\n","protected":false},"excerpt":{"rendered":"<p>Beirut, 13 nov (PL) Las banderas libanesas ondean hoy a media asta en todas las instituciones p\u00fablicas en se\u00f1al de duelo por los 43 muertos en un doble atentado reivindicado por el Estado Isl\u00e1mico (EI) en el sur de esta capital. El primer ministro Tammam Salam declar\u00f3 una jornada de luto en la cual se [&hellip;]<\/p>\n","protected":false},"author":3,"featured_media":0,"comment_status":"open","ping_status":"open","sticky":false,"template":"","format":"standard","meta":{"footnotes":""},"categories":[23],"tags":[],"class_list":["post-252472","post","type-post","status-publish","format-standard","hentry","category-internacional"],"_links":{"self":[{"href":"https:\/\/diariodominicano.com\/index.php?rest_route=\/wp\/v2\/posts\/252472","targetHints":{"allow":["GET"]}}],"collection":[{"href":"https:\/\/diariodominicano.com\/index.php?rest_route=\/wp\/v2\/posts"}],"about":[{"href":"https:\/\/diariodominicano.com\/index.php?rest_route=\/wp\/v2\/types\/post"}],"author":[{"embeddable":true,"href":"https:\/\/diariodominicano.com\/index.php?rest_route=\/wp\/v2\/users\/3"}],"replies":[{"embeddable":true,"href":"https:\/\/diariodominicano.com\/index.php?rest_route=%2Fwp%2Fv2%2Fcomments&post=252472"}],"version-history":[{"count":0,"href":"https:\/\/diariodominicano.com\/index.php?rest_route=\/wp\/v2\/posts\/252472\/revisions"}],"wp:attachment":[{"href":"https:\/\/diariodominicano.com\/index.php?rest_route=%2Fwp%2Fv2%2Fmedia&parent=252472"}],"wp:term":[{"taxonomy":"category","embeddable":true,"href":"https:\/\/diariodominicano.com\/index.php?rest_route=%2Fwp%2Fv2%2Fcategories&post=252472"},{"taxonomy":"post_tag","embeddable":true,"href":"https:\/\/diariodominicano.com\/index.php?rest_route=%2Fwp%2Fv2%2Ftags&post=252472"}],"curies":[{"name":"wp","href":"https:\/\/api.w.org\/{rel}","templated":true}]}}