{"id":252470,"date":"2015-11-13T16:04:28","date_gmt":"2015-11-13T16:04:28","guid":{"rendered":"http:\/\/diariodominicano.ddns.net\/?p=252470"},"modified":"2015-11-13T16:04:28","modified_gmt":"2015-11-13T16:04:28","slug":"hillary-clinton-buscara-consolidar-apoyo-de-electores-latinos","status":"publish","type":"post","link":"https:\/\/diariodominicano.com\/?p=252470","title":{"rendered":"Hillary Clinton buscar\u00e1 consolidar apoyo de electores latinos"},"content":{"rendered":"<p><body><\/p>\n<p><img decoding=\"async\" src=\"img3\/hilary00.jpg\" \/>  <\/p>\n<\/p>\n<p>viernes, 13 de noviembre de 2015 &#8211; 4:08 PM<\/p>\n<\/p>\n<p>Por The Associated Press<\/p>\n<\/p>\n<p>Las estrategia integrar\u00e1 a las actrices Salma Hayek, Am\u00e9rica Ferrera y a los cantantes Marc Anthony y Christina Aguilera <\/p>\n<p>Clinton ha dicho que de llegar a la presidencia litigar\u00e1 a favor de las \u00f3rdenes ejecutivas de Obama para proteger de la deportaci\u00f3n a cinco millones de inmigrantes no autorizados. (AP)<\/p>\n<\/p>\n<p>WASHINGTON  ? Hillary Clinton intensificar\u00e1 su interacci\u00f3n con los votantes hispanos a trav\u00e9s de artistas y activistas, seg\u00fan un memorando que su campa\u00f1a difundi\u00f3 horas antes de medirse el s\u00e1bado con los otros dos precandidatos dem\u00f3cratas.<\/p>\n<\/p>\n<p>\u00abDurante los pr\u00f3ximos meses previos a las primarias la campa\u00f1a tiene un plan din\u00e1mico para comunicarse y animar a nuestra comunidad\u00bb, escribieron la directora de pol\u00edtica nacional Amanda Renter\u00eda y la directora de relaciones con latinos Lorella Praeli en el documento al que tuvo acceso The Associated Press.<\/p>\n<\/p>\n<p>Las estrategas incluyeron a las actrices Salma Hayek, Rosie Perez y Am\u00e9rica Ferrera y a los cantantes Marc Anthony y Christina Aguilera entre 20 portavoces que promocionar\u00e1n la candidatura de Clinton a trav\u00e9s de varias plataformas en todo el pa\u00eds con su lema en espa\u00f1ol \u00abEstoy contigo\u00bb.<\/p>\n<\/p>\n<p>Adem\u00e1s identific\u00f3 por nombre y apellido a 15 de los 26 integrantes del bloque de legisladores hispanos dem\u00f3cratas que han expresado su apoyo a Clinton.<\/p>\n<\/p>\n<p>El documento se\u00f1al\u00f3 que la campa\u00f1a ya ejecuta una estrategia intensa para ubicar portavoces hispanoparlantes en la radio y la televisi\u00f3n de estados claves como las Carolinas, Iowa, Nevada, Virginia, Florida, Texas, Colorado, Arizona, Louisiana, Arkansas y Ohio.<\/p>\n<\/p>\n<p>Otras iniciativas espec\u00edficas que la campa\u00f1a ha lanzado son centrales telef\u00f3nicas en las que latinas llaman a votantes latinos, su aparici\u00f3n en un concierto de Marc Anthony y el lanzamiento del comit\u00e9 \u00abLatinos con Hillary\u00bb en San Antonio, Texas.<\/p>\n<\/p>\n<p>Renter\u00eda y Praelli se\u00f1alaron que Clinton \u00abtiene auge entre los votantes latinos a medida que nos acercamos a las primarias\u00bb y citaron una encuesta Gallup del 25 de agosto seg\u00fan la cual 58% de los votantes latinos tienen una opini\u00f3n favorable de Clinton y un 18% la ven de manera desfavorable.<\/p>\n<\/p>\n<p>El presidente Barack Obama result\u00f3 reelecto en 2012 con 70% del voto latino.<\/p>\n<\/p>\n<p>Clinton ha dicho que de llegar a la presidencia litigar\u00e1 a favor de las \u00f3rdenes ejecutivas de Obama para proteger de la deportaci\u00f3n a cinco millones de inmigrantes no autorizados, analizar\u00e1 las legislaciones para aplicar leyes migratorias sin separar familias y buscar\u00e1 trabajar con republicanos y dem\u00f3cratas en una reforma migratoria con opci\u00f3n a la naturalizaci\u00f3n.<\/p>\n<\/p>\n<p>Clinton debatir\u00e1 el s\u00e1bado en Des Moines, Iowa, con el senador por Vermont Bernie Sanders y el ex gobernador de Maryland Martin O&#8217;Malley, quien apenas logra presencia en las encuestas.<\/p>\n<\/p>\n<h6> 2015-11-13 16:04:28 <\/h6>\n<p><!--\n<link rel=\"stylesheet\" href=\"css\/bootstrap.min.css\">\n\n\n<ul class=\"pagination\">\n\t    \n\t\n\n<li >\n\t<a href='?page_no=22114'>Previous<\/a>\n\t<\/li>\n\n\n       \n    \n\n<li><a href='?page_no=1'>1<\/a><\/li>\n\n\n\n<li><a href='?page_no=2'>2<\/a><\/li>\n\n\n\n<li><a>...<\/a><\/li>\n\n\n\n<li><a href='?page_no=22113'>22113<\/a><\/li>\n\n\n\n<li><a href='?page_no=22114'>22114<\/a><\/li>\n\n\n\n<li class='active'><a>22115<\/a><\/li>\n\n\n\n<li><a href='?page_no=22116'>22116<\/a><\/li>\n\n\n\n<li><a href='?page_no=22117'>22117<\/a><\/li>\n\n\n\n<li><a>...<\/a><\/li>\n\n\n\n<li><a href='?page_no=51012'>51012<\/a><\/li>\n\n\n\n<li><a href='?page_no=51013'>51013<\/a><\/li>\n\n    \n\t\n\n<li >\n\t<a href='?page_no=22116'>Next<\/a>\n\t<\/li>\n\n\n    \n\n<li><a href='?page_no=51013'>Last &rsaquo;&rsaquo;<\/a><\/li>\n\n<\/ul>\n\n\n--><br \/>\n<\/body><\/p>\n","protected":false},"excerpt":{"rendered":"<p>viernes, 13 de noviembre de 2015 &#8211; 4:08 PM Por The Associated Press Las estrategia integrar\u00e1 a las actrices Salma Hayek, Am\u00e9rica Ferrera y a los cantantes Marc Anthony y Christina Aguilera Clinton ha dicho que de llegar a la presidencia litigar\u00e1 a favor de las \u00f3rdenes ejecutivas de Obama para proteger de la deportaci\u00f3n [&hellip;]<\/p>\n","protected":false},"author":3,"featured_media":0,"comment_status":"open","ping_status":"open","sticky":false,"template":"","format":"standard","meta":{"footnotes":""},"categories":[23],"tags":[],"class_list":["post-252470","post","type-post","status-publish","format-standard","hentry","category-internacional"],"_links":{"self":[{"href":"https:\/\/diariodominicano.com\/index.php?rest_route=\/wp\/v2\/posts\/252470","targetHints":{"allow":["GET"]}}],"collection":[{"href":"https:\/\/diariodominicano.com\/index.php?rest_route=\/wp\/v2\/posts"}],"about":[{"href":"https:\/\/diariodominicano.com\/index.php?rest_route=\/wp\/v2\/types\/post"}],"author":[{"embeddable":true,"href":"https:\/\/diariodominicano.com\/index.php?rest_route=\/wp\/v2\/users\/3"}],"replies":[{"embeddable":true,"href":"https:\/\/diariodominicano.com\/index.php?rest_route=%2Fwp%2Fv2%2Fcomments&post=252470"}],"version-history":[{"count":0,"href":"https:\/\/diariodominicano.com\/index.php?rest_route=\/wp\/v2\/posts\/252470\/revisions"}],"wp:attachment":[{"href":"https:\/\/diariodominicano.com\/index.php?rest_route=%2Fwp%2Fv2%2Fmedia&parent=252470"}],"wp:term":[{"taxonomy":"category","embeddable":true,"href":"https:\/\/diariodominicano.com\/index.php?rest_route=%2Fwp%2Fv2%2Fcategories&post=252470"},{"taxonomy":"post_tag","embeddable":true,"href":"https:\/\/diariodominicano.com\/index.php?rest_route=%2Fwp%2Fv2%2Ftags&post=252470"}],"curies":[{"name":"wp","href":"https:\/\/api.w.org\/{rel}","templated":true}]}}