{"id":252468,"date":"2015-11-13T16:50:10","date_gmt":"2015-11-13T16:50:10","guid":{"rendered":"http:\/\/diariodominicano.ddns.net\/?p=252468"},"modified":"2015-11-13T16:50:10","modified_gmt":"2015-11-13T16:50:10","slug":"supremo-aborda-polemico-caso-sobre-el-aborto-en-texas","status":"publish","type":"post","link":"https:\/\/diariodominicano.com\/?p=252468","title":{"rendered":"Supremo aborda pol\u00e9mico caso sobre el aborto en Texas"},"content":{"rendered":"<p><body><\/p>\n<p><img decoding=\"async\" src=\"img3\/scotus.jpg\" \/>  <\/p>\n<p>viernes, 13 de noviembre de 2015 &#8211; 4:12 PM<\/p>\n<\/p>\n<p>Por Agencia EFE<\/p>\n<\/p>\n<p>Tribunal Supremo de Estados Unidos <\/p>\n<\/p>\n<p>El caso provocar\u00e1 que el Supremo se pronuncie sobre uno de los temas m\u00e1s espinosos y divisivos en el pa\u00eds, que adem\u00e1s aterrizar\u00e1 en plena campa\u00f1a presidencial para las elecciones de 2016. (AP \/ Charles Dharapak)<\/p>\n<p>Washington &#8211; El Tribunal Supremo ha aceptado considerar uno de los casos m\u00e1s controvertidos de los \u00faltimos a\u00f1os relativo al aborto, sobre el que debe pronunciarse antes de junio de 2016, inform\u00f3 hoy la m\u00e1xima corte del pa\u00eds.<\/p>\n<\/p>\n<p>Bajo la lupa de los jueces estar\u00e1 una conflictiva ley del estado de Texas, promulgada en 2013, y que provoc\u00f3 el cierre de la mitad de las cl\u00ednicas donde se practicaban abortos, con la consecuente merma de los derechos reproductivos de las mujeres, especialmente de las m\u00e1s pobres, seg\u00fan varias organizaciones.<\/p>\n<\/p>\n<p>A partir de febrero pr\u00f3ximo, el tribunal revisar\u00e1 el pol\u00e9mico caso tejano, aunque desestim\u00f3 abordar otra apelaci\u00f3n similar que hab\u00eda sido solicitada desde el estado de Misisipi.<\/p>\n<\/p>\n<p>El caso provocar\u00e1 que el Supremo se pronuncie sobre uno de los temas m\u00e1s espinosos y divisivos en el pa\u00eds, que adem\u00e1s aterrizar\u00e1 en plena campa\u00f1a presidencial para las elecciones de 2016.<\/p>\n<\/p>\n<p>Conflicto<\/p>\n<\/p>\n<p>La disyuntiva sobre la protecci\u00f3n de los no nacidos y la del derecho a decidir de la mujer es una de las diferencias m\u00e1s marcadas entre los aspirantes republicanos y dem\u00f3cratas a la Casa Blanca.<\/p>\n<\/p>\n<p>Numerosos estados han promulgado restricciones al aborto alegando proteger los derechos religiosos de quienes proveen los seguros m\u00e9dicos, lo que ha obstaculizado el acceso a las pr\u00e1cticas abortivas en gran parte del territorio estadounidense.<\/p>\n<\/p>\n<p>En junio pasado, el alto tribunal ya suspendi\u00f3 temporalmente una estricta norma estatal que obligaba a cerrar 10 de las 19 cl\u00ednicas que practican abortos en el conservador estado de Texas.<\/p>\n<\/p>\n<p>Con cinco votos a favor y cuatro en contra, los magistrados de la corte dieron la raz\u00f3n a los proveedores de este servicio, a la espera de tomar una decisi\u00f3n definitiva.<\/p>\n<\/p>\n<p>La ley estatal, aprobada en 2013 y que ten\u00eda que entrar en vigor en junio tras un largo litigio legal, exig\u00eda para todas las cl\u00ednicas de aborto los mismos est\u00e1ndares que los de un hospital, unos requisitos que no cumplen la mayor\u00eda de estos centros.<\/p>\n<\/p>\n<p>Una parte de la restrictiva norma ya entr\u00f3 en vigor en 2013, obligando al cierre a m\u00e1s de la mitad de las 41 cl\u00ednicas de aborto que exist\u00edan en ese momento en el segundo estado m\u00e1s poblado del pa\u00eds, con cerca de 27 millones de habitantes. <\/p>\n<\/p>\n<h6> 2015-11-13 16:50:10 <\/h6>\n<p><!--\n<link rel=\"stylesheet\" href=\"css\/bootstrap.min.css\">\n\n\n<ul class=\"pagination\">\n\t    \n\t\n\n<li >\n\t<a href='?page_no=22112'>Previous<\/a>\n\t<\/li>\n\n\n       \n    \n\n<li><a href='?page_no=1'>1<\/a><\/li>\n\n\n\n<li><a href='?page_no=2'>2<\/a><\/li>\n\n\n\n<li><a>...<\/a><\/li>\n\n\n\n<li><a href='?page_no=22111'>22111<\/a><\/li>\n\n\n\n<li><a href='?page_no=22112'>22112<\/a><\/li>\n\n\n\n<li class='active'><a>22113<\/a><\/li>\n\n\n\n<li><a href='?page_no=22114'>22114<\/a><\/li>\n\n\n\n<li><a href='?page_no=22115'>22115<\/a><\/li>\n\n\n\n<li><a>...<\/a><\/li>\n\n\n\n<li><a href='?page_no=51012'>51012<\/a><\/li>\n\n\n\n<li><a href='?page_no=51013'>51013<\/a><\/li>\n\n    \n\t\n\n<li >\n\t<a href='?page_no=22114'>Next<\/a>\n\t<\/li>\n\n\n    \n\n<li><a href='?page_no=51013'>Last &rsaquo;&rsaquo;<\/a><\/li>\n\n<\/ul>\n\n\n--><br \/>\n<\/body><\/p>\n","protected":false},"excerpt":{"rendered":"<p>viernes, 13 de noviembre de 2015 &#8211; 4:12 PM Por Agencia EFE Tribunal Supremo de Estados Unidos El caso provocar\u00e1 que el Supremo se pronuncie sobre uno de los temas m\u00e1s espinosos y divisivos en el pa\u00eds, que adem\u00e1s aterrizar\u00e1 en plena campa\u00f1a presidencial para las elecciones de 2016. (AP \/ Charles Dharapak) Washington &#8211; [&hellip;]<\/p>\n","protected":false},"author":3,"featured_media":0,"comment_status":"open","ping_status":"open","sticky":false,"template":"","format":"standard","meta":{"footnotes":""},"categories":[23],"tags":[],"class_list":["post-252468","post","type-post","status-publish","format-standard","hentry","category-internacional"],"_links":{"self":[{"href":"https:\/\/diariodominicano.com\/index.php?rest_route=\/wp\/v2\/posts\/252468","targetHints":{"allow":["GET"]}}],"collection":[{"href":"https:\/\/diariodominicano.com\/index.php?rest_route=\/wp\/v2\/posts"}],"about":[{"href":"https:\/\/diariodominicano.com\/index.php?rest_route=\/wp\/v2\/types\/post"}],"author":[{"embeddable":true,"href":"https:\/\/diariodominicano.com\/index.php?rest_route=\/wp\/v2\/users\/3"}],"replies":[{"embeddable":true,"href":"https:\/\/diariodominicano.com\/index.php?rest_route=%2Fwp%2Fv2%2Fcomments&post=252468"}],"version-history":[{"count":0,"href":"https:\/\/diariodominicano.com\/index.php?rest_route=\/wp\/v2\/posts\/252468\/revisions"}],"wp:attachment":[{"href":"https:\/\/diariodominicano.com\/index.php?rest_route=%2Fwp%2Fv2%2Fmedia&parent=252468"}],"wp:term":[{"taxonomy":"category","embeddable":true,"href":"https:\/\/diariodominicano.com\/index.php?rest_route=%2Fwp%2Fv2%2Fcategories&post=252468"},{"taxonomy":"post_tag","embeddable":true,"href":"https:\/\/diariodominicano.com\/index.php?rest_route=%2Fwp%2Fv2%2Ftags&post=252468"}],"curies":[{"name":"wp","href":"https:\/\/api.w.org\/{rel}","templated":true}]}}