{"id":252466,"date":"2015-11-13T17:50:40","date_gmt":"2015-11-13T17:50:40","guid":{"rendered":"http:\/\/diariodominicano.ddns.net\/?p=252466"},"modified":"2015-11-13T17:50:40","modified_gmt":"2015-11-13T17:50:40","slug":"ataques-terroristas-de-paris-provoca-la-energica-condena-internacional","status":"publish","type":"post","link":"https:\/\/diariodominicano.com\/?p=252466","title":{"rendered":"Ataques terroristas de Par\u00eds provoca la en\u00e9rgica condena internacional"},"content":{"rendered":"<p><body><\/p>\n<p><img decoding=\"async\" src=\"img3\/paris4t.jpg\" \/><br \/><img decoding=\"async\" src=\"img3\/Paris3.jpg\" \/>  <\/p>\n<p><span class=\"text1noticias\">BEIJING, 14 nov (Xinhua) &#8212; La comunidad internacional condena en\u00e9rgicamente los ataques ocurridos la noche del viernes en Par\u00eds que han causado la muerte de m\u00e1s de un centenar de personas.<\/span><\/p>\n<\/p>\n<p><span class=\"text1noticias\">El secretario general de la ONU, Ban Ki-moon, conden\u00f3 \u00ablos despreciables ataques terroristas perpetrados hoy en varios lugares de Par\u00eds y sus alrededores\u00bb y exigi\u00f3 \u00abla inmediata liberaci\u00f3n de las numerosas personas que son mantenidas como rehenes en el teatro Bataclan\u00bb, seg\u00fan un comunicado divulgado por su portavoz.<\/span><\/p>\n<\/p>\n<p><span class=\"text1noticias\">\u00abEl secretario general conf\u00eda en que las autoridades francesas har\u00e1n todo lo posible para llevar r\u00e1pidamente a los responsables ante la justicia\u00bb, precis\u00f3 el documento.<\/span><\/p>\n<\/p>\n<p><span class=\"text1noticias\">\u00abEl secretario general expresa sus m\u00e1s sinceras condolencia a las familias de las v\u00edctimas y desea una pronta recuperaci\u00f3n a los heridos&#8230; (Ban) apoya al gobierno y al pueblo de Francia\u00bb, a\u00f1adi\u00f3.<\/span><\/p>\n<\/p>\n<p><span class=\"text1noticias\">Por su parte, el presidente de la 70\u00aa sesi\u00f3n de la Asamblea General de la ONU, Mogens Lykketoft, afirm\u00f3 que \u00abtodo el mundo est\u00e1 indignado por los ataques en Par\u00eds\u00bb y \u00abel terrorismo y la matanza de este tipo son una atrocidad contra la humanidad\u00bb.<\/span><\/p>\n<\/p>\n<p><span class=\"text1noticias\">Seg\u00fan se report\u00f3, al menos 140 personas murieron y muchas otras resultaron heridas en una serie de atentados en Par\u00eds.<\/span><\/p>\n<\/p>\n<p><span class=\"text1noticias\">A\u00fan varias personas son mantenidas como rehenes en el teatro Bataclan en la capital francesa, cifra que ascender\u00eda a 100 de acuerdo con la polic\u00eda.<\/span><\/p>\n<\/p>\n<p><span class=\"text1noticias\">El presidente franc\u00e9s, Francois Hollande, evacuado del Stade de France donde presenciaba un partido de f\u00fatbol entre las selecciones de Alemania y Francia cuando ocurrieron los ataques, se dirigi\u00f3 al Ministerio del Interior para una reuni\u00f3n de emergencia con el jefe de esa cartera, Bernard Cazeneuve.<\/span><\/p>\n<\/p>\n<p><span class=\"text1noticias\">Hollande anunci\u00f3 la noche del viernes el estado de emergencia para toda Francia, as\u00ed como el cierre de las fronteras. Tambi\u00e9n declar\u00f3 que \u00abataques terroristas sin precedentes est\u00e1n teniendo lugar en Par\u00eds\u00bb.<\/span><\/p>\n<\/p>\n<p><span class=\"text1noticias\">El primer ministro brit\u00e1nico, David Cameron, reconoci\u00f3 estar \u00abprofundamente consternado\u00bb por los mortales ataques en Par\u00eds, agregando que sus \u00abpensamientos y oraciones\u00bb est\u00e1n con el pueblo franc\u00e9s.<\/span><\/p>\n<\/p>\n<p><span class=\"text1noticias\">\u00abEstoy consternado por los sucesos de esta noche en Par\u00eds. Nuestros pensamientos y oraciones est\u00e1n con el pueblo franc\u00e9s. Haremos todo lo posible para ayudar\u00bb, indic\u00f3 Cameron en su cuenta de Twitter.<\/span><\/p>\n<\/p>\n<p><span class=\"text1noticias\">Entre tanto, la canciller alemana, Angela Merkel, expres\u00f3 estar profundamente consternada por los ataques en Par\u00eds y declar\u00f3 su solidaridad con Francia.<\/span><\/p>\n<\/p>\n<p><span class=\"text1noticias\">\u00abEstoy profundamente consternada por las noticias e im\u00e1genes llegadas desde Par\u00eds. Mis pensamientos est\u00e1n en estas horas con las v\u00edctimas del ataque, sus familiares y con todo el pueblo de Par\u00eds\u00bb, dijo Merkel en un comunicado.<\/span><\/p>\n<\/p>\n<p><span class=\"text1noticias\">Mientras, el presidente de Estados Unidos, Barack Obama, conden\u00f3 los letales ataques en Par\u00eds y se\u00f1al\u00f3 que todav\u00eda es muy pronto para determinar quienes est\u00e1n detr\u00e1s de dichos ataques.<\/span><\/p>\n<\/p>\n<p><span class=\"text1noticias\">Al calificar los ataques de \u00abun intento atroz para aterrorizar a civiles inocentes\u00bb, Obama asegur\u00f3 que EEUU est\u00e1 listo para ayudar al gobierno franc\u00e9s.<\/span><\/p>\n<\/p>\n<p><span class=\"text1noticias\">Por su parte, el presidente de la Comisi\u00f3n Europea, Jean-Claude Juncker, dijo estar \u00abprofundamente consternado\u00bb por los ataques de Par\u00eds.<\/span><\/p>\n<\/p>\n<p><span class=\"text1noticias\">\u00abEstoy profundamente consternado por los sucesos de Par\u00eds. Manifestamos nuestra total solidaridad con el pueblo de Francia\u00bb, declar\u00f3 en su cuenta oficial de Twitter. <\/span><\/p>\n<\/p>\n<p><span class=\"text1noticias\">Estado de excepci\u00f3n en Francia<\/span><\/p>\n<\/p>\n<p><span class=\"text1noticias\">PARIS, 13 nov (Xinhua) &#8212; De acuerdo con la televisi\u00f3n francesa BMFTV, el n\u00famero de muertos por los tiroteos y las explosiones ocurridos hoy por la noche en Par\u00eds se ha elevado a al menos 60 personas.<\/span><\/p>\n<p><span class=\"text1noticias\"> <\/span><\/p>\n<p><span class=\"text1noticias\">El primer tiroteo ocurri\u00f3 en el d\u00e9cimo distrito de Par\u00eds, seguido de dos o tres explosiones fuera del estadio nacional Stade de France, las cuales dejaron al menos tres muertos y 10 heridos cuyo estado grave.<\/span><\/p>\n<p><span class=\"text1noticias\"> <\/span><\/p>\n<p><span class=\"text1noticias\">El segundo tiroteo se registr\u00f3 en un teatro en el und\u00e9cimo distrito de Par\u00eds. De acuerdo con una fuente policial, se tomaron rehenes dentro del teatro.<\/span><\/p>\n<p><span class=\"text1noticias\"> <\/span><\/p>\n<p><span class=\"text1noticias\">El presidente de Francia, Francois Hollande, evacuado del Stade de France, se encuentra en el Ministerio del Interior en una reuni\u00f3n de emergencia con el ministro del Interior, Bernard Cazeneu<\/span>ve.<\/p>\n<\/p>\n<p><span class=\"text1noticias\">El presidente de Francia, Francois Hollande, declar\u00f3 hoy por la noche el estado de excepci\u00f3n en el pa\u00eds.<\/span><\/p>\n<\/p>\n<p><span class=\"text1noticias\">Francia cerrar\u00e1 sus fronteras, anunci\u00f3 hoy por la noche el presidente franc\u00e9s Francois Hollande.<\/span><\/p>\n<h6> 2015-11-13 17:50:40 <\/h6>\n<p><!--\n<link rel=\"stylesheet\" href=\"css\/bootstrap.min.css\">\n\n\n<ul class=\"pagination\">\n\t    \n\t\n\n<li >\n\t<a href='?page_no=22110'>Previous<\/a>\n\t<\/li>\n\n\n       \n    \n\n<li><a href='?page_no=1'>1<\/a><\/li>\n\n\n\n<li><a href='?page_no=2'>2<\/a><\/li>\n\n\n\n<li><a>...<\/a><\/li>\n\n\n\n<li><a href='?page_no=22109'>22109<\/a><\/li>\n\n\n\n<li><a href='?page_no=22110'>22110<\/a><\/li>\n\n\n\n<li class='active'><a>22111<\/a><\/li>\n\n\n\n<li><a href='?page_no=22112'>22112<\/a><\/li>\n\n\n\n<li><a href='?page_no=22113'>22113<\/a><\/li>\n\n\n\n<li><a>...<\/a><\/li>\n\n\n\n<li><a href='?page_no=51012'>51012<\/a><\/li>\n\n\n\n<li><a href='?page_no=51013'>51013<\/a><\/li>\n\n    \n\t\n\n<li >\n\t<a href='?page_no=22112'>Next<\/a>\n\t<\/li>\n\n\n    \n\n<li><a href='?page_no=51013'>Last &rsaquo;&rsaquo;<\/a><\/li>\n\n<\/ul>\n\n\n--><br \/>\n<\/body><\/p>\n","protected":false},"excerpt":{"rendered":"<p>BEIJING, 14 nov (Xinhua) &#8212; La comunidad internacional condena en\u00e9rgicamente los ataques ocurridos la noche del viernes en Par\u00eds que han causado la muerte de m\u00e1s de un centenar de personas. El secretario general de la ONU, Ban Ki-moon, conden\u00f3 \u00ablos despreciables ataques terroristas perpetrados hoy en varios lugares de Par\u00eds y sus alrededores\u00bb y [&hellip;]<\/p>\n","protected":false},"author":3,"featured_media":0,"comment_status":"open","ping_status":"open","sticky":false,"template":"","format":"standard","meta":{"footnotes":""},"categories":[23],"tags":[],"class_list":["post-252466","post","type-post","status-publish","format-standard","hentry","category-internacional"],"_links":{"self":[{"href":"https:\/\/diariodominicano.com\/index.php?rest_route=\/wp\/v2\/posts\/252466","targetHints":{"allow":["GET"]}}],"collection":[{"href":"https:\/\/diariodominicano.com\/index.php?rest_route=\/wp\/v2\/posts"}],"about":[{"href":"https:\/\/diariodominicano.com\/index.php?rest_route=\/wp\/v2\/types\/post"}],"author":[{"embeddable":true,"href":"https:\/\/diariodominicano.com\/index.php?rest_route=\/wp\/v2\/users\/3"}],"replies":[{"embeddable":true,"href":"https:\/\/diariodominicano.com\/index.php?rest_route=%2Fwp%2Fv2%2Fcomments&post=252466"}],"version-history":[{"count":0,"href":"https:\/\/diariodominicano.com\/index.php?rest_route=\/wp\/v2\/posts\/252466\/revisions"}],"wp:attachment":[{"href":"https:\/\/diariodominicano.com\/index.php?rest_route=%2Fwp%2Fv2%2Fmedia&parent=252466"}],"wp:term":[{"taxonomy":"category","embeddable":true,"href":"https:\/\/diariodominicano.com\/index.php?rest_route=%2Fwp%2Fv2%2Fcategories&post=252466"},{"taxonomy":"post_tag","embeddable":true,"href":"https:\/\/diariodominicano.com\/index.php?rest_route=%2Fwp%2Fv2%2Ftags&post=252466"}],"curies":[{"name":"wp","href":"https:\/\/api.w.org\/{rel}","templated":true}]}}