{"id":252465,"date":"2015-11-13T18:12:39","date_gmt":"2015-11-13T18:12:39","guid":{"rendered":"http:\/\/diariodominicano.ddns.net\/?p=252465"},"modified":"2015-11-13T18:12:39","modified_gmt":"2015-11-13T18:12:39","slug":"brasil-reduce-desigualdad-social-pese-al-aumento-del-desempleo","status":"publish","type":"post","link":"https:\/\/diariodominicano.com\/?p=252465","title":{"rendered":"Brasil reduce desigualdad social pese al aumento del desempleo"},"content":{"rendered":"<p><body><\/p>\n<p><span class=\"text1noticias\">RIO DE JANEIRO, 13 nov (Xinhua) &#8212; El desempleo en Brasil aument\u00f3 9,3 por ciento en 2014 al alcanzar 7,3 millones de personas sin trabajo, no obstante la desigualdad social disminuy\u00f3, seg\u00fan un estudio presentado hoy por el gobierno.<\/span><\/p>\n<p><span class=\"text1noticias\"> <\/span><\/p>\n<p><span class=\"text1noticias\">El 60,3 por ciento de los 7,3 millones de personas desempleadas en 2014 era de raza negra  o mulata, se\u00f1al\u00f3 el estatal Instituto Brasile\u00f1o de Geograf\u00eda y Estad\u00edsticas (IBGE).<\/span><\/p>\n<p><span class=\"text1noticias\"> <\/span><\/p>\n<p><span class=\"text1noticias\">El 56,7 por ciento eran mujeres, el 34,3 por ciento ten\u00eda de 18 a 24 a\u00f1os y el 50,1 por ciento carec\u00eda de estudios primarios.<\/span><\/p>\n<p><span class=\"text1noticias\"> <\/span><\/p>\n<p><span class=\"text1noticias\">El crecimiento del desempleo no impidi\u00f3 sin embargo que el Indice de Gini, usado por la ONU para medir la desigualdad de la renta, mantuviera su trayectoria descendiente y bajara de 0,495 en 2013 a 0,490 en 2014, gracias a un aumento de la renta per c\u00e1pita de los m\u00e1s pobres de 4,1 por ciento el a\u00f1o pasado.<\/span><\/p>\n<p><span class=\"text1noticias\"> <\/span><\/p>\n<p><span class=\"text1noticias\">Seg\u00fan el IBGE, los ingresos del 10 por ciento de la poblaci\u00f3n brasile\u00f1a m\u00e1s pobre tan s\u00f3lo corresponden al 1,4 por ciento del total de la renta de los trabajadores brasile\u00f1os, mientras que el 10 por ciento m\u00e1s rico ostenta el 40,3 por ciento de la renta del pa\u00eds, lo cual mantiene a Brasil entre los pa\u00edses con peor distribuci\u00f3n del mundo.<\/span><\/p>\n<p><span class=\"text1noticias\"> <\/span><\/p>\n<p><span class=\"text1noticias\">Por g\u00e9neros, los salarios de las mujeres el a\u00f1o pasado representaron el 74,5 por ciento de los sueldos de los hombres, una ligera mejor\u00eda respecto a 2013, cuando era del 73,5 por ciento.<\/span><\/p>\n<p><span class=\"text1noticias\"> <\/span><\/p>\n<p><span class=\"text1noticias\">El gobierno admiti\u00f3 que el trabajo infantil (de cinco a 13 a\u00f1os) aument\u00f3 el a\u00f1o pasado 9,3 por ciento, al pasar de 506.000 menores de 13 a\u00f1os en 2013, a 554.000 en 2014, el primer aumento desde 2005 del trabajo infantil.<\/span><\/p>\n<p><span class=\"text1noticias\"> <\/span><\/p>\n<p><span class=\"text1noticias\">Al tomar en cuenta a los menores de 17 a\u00f1os, la poblaci\u00f3n no adulta que trabaja en Brasil aument\u00f3 a 3,3 millones en 2014, 8,1 por ciento m\u00e1s que en 2013.<\/span><\/p>\n<p><span class=\"text1noticias\"> <\/span><\/p>\n<p><span class=\"text1noticias\">En t\u00e9rminos de analfabetismo para mayores de 15 a\u00f1os, eran 13,2 millones de personas el a\u00f1o pasado, o el 8,3 por ciento del total, 0,2 por ciento menos que en 2013.<\/span><\/p>\n<p><span class=\"text1noticias\"> <\/span><\/p>\n<p><span class=\"text1noticias\"> Sobre el uso de tecnolog\u00eda, por primera vez el uso de internet entre los mayores de 10 a\u00f1os super\u00f3 la mitad de la poblaci\u00f3n, al ser el 54,4 por ciento (95,4 millones de personas), mientras que el n\u00famero de brasile\u00f1os que posee tel\u00e9fono m\u00f3vil aument\u00f3 4,9 por ciento el a\u00f1o pasado, hasta 136,6 millones (77,9 por ciento de la poblaci\u00f3n).<\/span><\/p>\n<p><span class=\"text1noticias\"> <\/span><\/p>\n<p><span class=\"text1noticias\">Seg\u00fan el PNAD, Brasil contaba el a\u00f1o pasado con una poblaci\u00f3n de 203,2 millones de habitantes, 0,9 por ciento m\u00e1s que en 2013.<\/span><\/p>\n<p><span class=\"text1noticias\"> <\/span><\/p>\n<p><span class=\"text1noticias\">El 45,5 por ciento de ellos se declararon de raza blanca, el 45 por ciento mulatos, el 8,6 por ciento negros y el 0,9 por ciento indios o amarillos.<\/span><\/p>\n<p><span class=\"text1noticias\"> <\/span><\/p>\n<p><span class=\"text1noticias\">Por su parte, el porcentaje de brasile\u00f1os con 60 a\u00f1os o mas pas\u00f3 de 13 por ciento en 2013, a 13,7 por ciento el <\/span>a\u00f1o pasado. <\/p>\n<h6> 2015-11-13 18:12:39 <\/h6>\n<p><!--\n<link rel=\"stylesheet\" href=\"css\/bootstrap.min.css\">\n\n\n<ul class=\"pagination\">\n\t    \n\t\n\n<li >\n\t<a href='?page_no=22109'>Previous<\/a>\n\t<\/li>\n\n\n       \n    \n\n<li><a href='?page_no=1'>1<\/a><\/li>\n\n\n\n<li><a href='?page_no=2'>2<\/a><\/li>\n\n\n\n<li><a>...<\/a><\/li>\n\n\n\n<li><a href='?page_no=22108'>22108<\/a><\/li>\n\n\n\n<li><a href='?page_no=22109'>22109<\/a><\/li>\n\n\n\n<li class='active'><a>22110<\/a><\/li>\n\n\n\n<li><a href='?page_no=22111'>22111<\/a><\/li>\n\n\n\n<li><a href='?page_no=22112'>22112<\/a><\/li>\n\n\n\n<li><a>...<\/a><\/li>\n\n\n\n<li><a href='?page_no=51012'>51012<\/a><\/li>\n\n\n\n<li><a href='?page_no=51013'>51013<\/a><\/li>\n\n    \n\t\n\n<li >\n\t<a href='?page_no=22111'>Next<\/a>\n\t<\/li>\n\n\n    \n\n<li><a href='?page_no=51013'>Last &rsaquo;&rsaquo;<\/a><\/li>\n\n<\/ul>\n\n\n--><br \/>\n<\/body><\/p>\n","protected":false},"excerpt":{"rendered":"<p>RIO DE JANEIRO, 13 nov (Xinhua) &#8212; El desempleo en Brasil aument\u00f3 9,3 por ciento en 2014 al alcanzar 7,3 millones de personas sin trabajo, no obstante la desigualdad social disminuy\u00f3, seg\u00fan un estudio presentado hoy por el gobierno. El 60,3 por ciento de los 7,3 millones de personas desempleadas en 2014 era de raza [&hellip;]<\/p>\n","protected":false},"author":3,"featured_media":0,"comment_status":"open","ping_status":"open","sticky":false,"template":"","format":"standard","meta":{"footnotes":""},"categories":[23],"tags":[],"class_list":["post-252465","post","type-post","status-publish","format-standard","hentry","category-internacional"],"_links":{"self":[{"href":"https:\/\/diariodominicano.com\/index.php?rest_route=\/wp\/v2\/posts\/252465","targetHints":{"allow":["GET"]}}],"collection":[{"href":"https:\/\/diariodominicano.com\/index.php?rest_route=\/wp\/v2\/posts"}],"about":[{"href":"https:\/\/diariodominicano.com\/index.php?rest_route=\/wp\/v2\/types\/post"}],"author":[{"embeddable":true,"href":"https:\/\/diariodominicano.com\/index.php?rest_route=\/wp\/v2\/users\/3"}],"replies":[{"embeddable":true,"href":"https:\/\/diariodominicano.com\/index.php?rest_route=%2Fwp%2Fv2%2Fcomments&post=252465"}],"version-history":[{"count":0,"href":"https:\/\/diariodominicano.com\/index.php?rest_route=\/wp\/v2\/posts\/252465\/revisions"}],"wp:attachment":[{"href":"https:\/\/diariodominicano.com\/index.php?rest_route=%2Fwp%2Fv2%2Fmedia&parent=252465"}],"wp:term":[{"taxonomy":"category","embeddable":true,"href":"https:\/\/diariodominicano.com\/index.php?rest_route=%2Fwp%2Fv2%2Fcategories&post=252465"},{"taxonomy":"post_tag","embeddable":true,"href":"https:\/\/diariodominicano.com\/index.php?rest_route=%2Fwp%2Fv2%2Ftags&post=252465"}],"curies":[{"name":"wp","href":"https:\/\/api.w.org\/{rel}","templated":true}]}}