{"id":252464,"date":"2015-11-13T18:43:05","date_gmt":"2015-11-13T18:43:05","guid":{"rendered":"http:\/\/diariodominicano.ddns.net\/?p=252464"},"modified":"2015-11-13T18:43:05","modified_gmt":"2015-11-13T18:43:05","slug":"bolivia-firma-acuerdo-con-espana-e-italia-para-adopcion-de-ninos","status":"publish","type":"post","link":"https:\/\/diariodominicano.com\/?p=252464","title":{"rendered":"Bolivia firma acuerdo con Espa\u00f1a e Italia para adopci\u00f3n de ni\u00f1os"},"content":{"rendered":"<p><body><\/p>\n<p><span class=\"text1noticias\">LA PAZ, 13 nov (Xinhua) &#8212; Luego de ocho a\u00f1os de pausa, el gobierno de Bolivia firm\u00f3 hoy un acuerdo con Espa\u00f1a e Italia para la adopci\u00f3n internacional de ni\u00f1os y ni\u00f1as mediante seis organismos intermediarios.<\/span><\/p>\n<p><span class=\"text1noticias\"> <\/span><\/p>\n<p><span class=\"text1noticias\">La ministra de Justicia, Virginia Velasco, explic\u00f3 en un acto p\u00fablico realizado en la Canciller\u00eda, que la norma de la adopci\u00f3n se trata de un derecho constitucional que todo ni\u00f1o, ni\u00f1a y adolescente tiene, pues vivir y crecer con una familia adoptiva y de origen\u00bb.<\/span><\/p>\n<p><span class=\"text1noticias\"> <\/span><\/p>\n<p><span class=\"text1noticias\">Seg\u00fan la ministra boliviana, el Estado boliviano trabaj\u00f3 en una serie de pol\u00edticas para que los ni\u00f1os, ni\u00f1as y adolescentes que se encuentren en hogares y casas de acogida tengan una familia mediante la adopci\u00f3n.<\/span><\/p>\n<p><span class=\"text1noticias\"> <\/span><\/p>\n<p><span class=\"text1noticias\">\u00abSe firma el acuerdo cumpliendo con la Constituci\u00f3n Pol\u00edtica del Estado y Ley 548 del nuevo C\u00f3digo Ni\u00f1o, Ni\u00f1a y Adolescente que se adecua a los tratados, convenios y protocolos de las adopciones internacionales, esperamos que sea un aporte para los ni\u00f1os que necesitan una familia\u00bb, manifest\u00f3 Velasco.<\/span><\/p>\n<p><span class=\"text1noticias\"> <\/span><\/p>\n<p><span class=\"text1noticias\">Con esta medida los ni\u00f1os, ni\u00f1as y adolescentes no s\u00f3lo pueden ser adoptados por familias bolivianas, sino de manera excepcional por familias de otros paises.<\/span><\/p>\n<p><span class=\"text1noticias\"> <\/span><\/p>\n<p><span class=\"text1noticias\">Los organismos intermediarios se encargar\u00e1n de los tr\u00e1mites de adopciones internacionales y establecer\u00e1n obligaciones, plazos y procedimientos e informes post adoptivos.<\/span><\/p>\n<p><span class=\"text1noticias\"> <\/span><\/p>\n<p><span class=\"text1noticias\">Asimismo se establecer\u00e1  un marco regulatorio amplio de la actividad de los organismo intermediarios, con el fin de realizar un efectivo control, protecci\u00f3n, supervisi\u00f3n, seguimiento y revocaci\u00f3n de su actuaci\u00f3n; defini\u00e9ndose los roles de la Auditoria Central Boliviana en Adopci\u00f3n Internacional, del Viceministerio de Igualdad de Oportunidades del Ministerio de Justicia.<\/span><\/p>\n<p><span class=\"text1noticias\"> <\/span><\/p>\n<p><span class=\"text1noticias\">A su turno el canciller David Choquehuanca dijo que la adopci\u00f3n internacional en Bolivia se constituye en la \u00faltima alternativa para los ni\u00f1os, ni\u00f1as y adolescente, porque se da prioridad a Bolivia.<\/span><\/p>\n<p><span class=\"text1noticias\"> <\/span><\/p>\n<p><span class=\"text1noticias\">Reconoci\u00f3 que Bolivia no ten\u00eda una pol\u00edtica de Estado sobre las adopciones, debido a que anteriormente se sucedieron ilegalidades, que fueron motivo de la pausa administrativa desde el 2007 hasta tener reglas claras.<\/span><\/p>\n<p><span class=\"text1noticias\"> <\/span><\/p>\n<p><span class=\"text1noticias\">Adem\u00e1s manifest\u00f3 que con la nueva Constituci\u00f3n se privilegia el inter\u00e9s del ni\u00f1o, ni\u00f1a y adolescente en eso<\/span>s paises.<\/p>\n<h6> 2015-11-13 18:43:05 <\/h6>\n<p><!--\n<link rel=\"stylesheet\" href=\"css\/bootstrap.min.css\">\n\n\n<ul class=\"pagination\">\n\t    \n\t\n\n<li >\n\t<a href='?page_no=22108'>Previous<\/a>\n\t<\/li>\n\n\n       \n    \n\n<li><a href='?page_no=1'>1<\/a><\/li>\n\n\n\n<li><a href='?page_no=2'>2<\/a><\/li>\n\n\n\n<li><a>...<\/a><\/li>\n\n\n\n<li><a href='?page_no=22107'>22107<\/a><\/li>\n\n\n\n<li><a href='?page_no=22108'>22108<\/a><\/li>\n\n\n\n<li class='active'><a>22109<\/a><\/li>\n\n\n\n<li><a href='?page_no=22110'>22110<\/a><\/li>\n\n\n\n<li><a href='?page_no=22111'>22111<\/a><\/li>\n\n\n\n<li><a>...<\/a><\/li>\n\n\n\n<li><a href='?page_no=51012'>51012<\/a><\/li>\n\n\n\n<li><a href='?page_no=51013'>51013<\/a><\/li>\n\n    \n\t\n\n<li >\n\t<a href='?page_no=22110'>Next<\/a>\n\t<\/li>\n\n\n    \n\n<li><a href='?page_no=51013'>Last &rsaquo;&rsaquo;<\/a><\/li>\n\n<\/ul>\n\n\n--><br \/>\n<\/body><\/p>\n","protected":false},"excerpt":{"rendered":"<p>LA PAZ, 13 nov (Xinhua) &#8212; Luego de ocho a\u00f1os de pausa, el gobierno de Bolivia firm\u00f3 hoy un acuerdo con Espa\u00f1a e Italia para la adopci\u00f3n internacional de ni\u00f1os y ni\u00f1as mediante seis organismos intermediarios. La ministra de Justicia, Virginia Velasco, explic\u00f3 en un acto p\u00fablico realizado en la Canciller\u00eda, que la norma de [&hellip;]<\/p>\n","protected":false},"author":3,"featured_media":0,"comment_status":"open","ping_status":"open","sticky":false,"template":"","format":"standard","meta":{"footnotes":""},"categories":[23],"tags":[],"class_list":["post-252464","post","type-post","status-publish","format-standard","hentry","category-internacional"],"_links":{"self":[{"href":"https:\/\/diariodominicano.com\/index.php?rest_route=\/wp\/v2\/posts\/252464","targetHints":{"allow":["GET"]}}],"collection":[{"href":"https:\/\/diariodominicano.com\/index.php?rest_route=\/wp\/v2\/posts"}],"about":[{"href":"https:\/\/diariodominicano.com\/index.php?rest_route=\/wp\/v2\/types\/post"}],"author":[{"embeddable":true,"href":"https:\/\/diariodominicano.com\/index.php?rest_route=\/wp\/v2\/users\/3"}],"replies":[{"embeddable":true,"href":"https:\/\/diariodominicano.com\/index.php?rest_route=%2Fwp%2Fv2%2Fcomments&post=252464"}],"version-history":[{"count":0,"href":"https:\/\/diariodominicano.com\/index.php?rest_route=\/wp\/v2\/posts\/252464\/revisions"}],"wp:attachment":[{"href":"https:\/\/diariodominicano.com\/index.php?rest_route=%2Fwp%2Fv2%2Fmedia&parent=252464"}],"wp:term":[{"taxonomy":"category","embeddable":true,"href":"https:\/\/diariodominicano.com\/index.php?rest_route=%2Fwp%2Fv2%2Fcategories&post=252464"},{"taxonomy":"post_tag","embeddable":true,"href":"https:\/\/diariodominicano.com\/index.php?rest_route=%2Fwp%2Fv2%2Ftags&post=252464"}],"curies":[{"name":"wp","href":"https:\/\/api.w.org\/{rel}","templated":true}]}}