{"id":252462,"date":"2015-11-13T19:50:12","date_gmt":"2015-11-13T19:50:12","guid":{"rendered":"http:\/\/diariodominicano.ddns.net\/?p=252462"},"modified":"2015-11-13T19:50:12","modified_gmt":"2015-11-13T19:50:12","slug":"presidente-obama-condena-atentados-terroristas-en-paris","status":"publish","type":"post","link":"https:\/\/diariodominicano.com\/?p=252462","title":{"rendered":"Presidente Obama condena atentados terroristas en Par\u00eds"},"content":{"rendered":"<p><body><\/p>\n<p><img decoding=\"async\" src=\"img3\/Obama.jpg\" \/>  <\/p>\n<p>Washington, 13 nov (PL) El presidente de Estados Unidos, Barack Obama, conden\u00f3 hoy los ataques terroristas que tuvieron lugar esta noche en Par\u00eds, Francia, a los que consider\u00f3 una acci\u00f3n vil contra civiles inocentes.<\/p>\n<\/p>\n<p>En un mensaje desde la Casa Blanca, el mandatario se\u00f1al\u00f3 que este atentado fue no s\u00f3lo contra los franceses, sino contra toda la humanidad, y prometi\u00f3 que Estados Unidos est\u00e1 listo para proporcionar cualquier asistencia que el gobierno y el pueblo de Francia necesiten.<\/p>\n<\/p>\n<p>A\u00f1adi\u00f3 que contactar\u00eda a su hom\u00f3logo Fran\u00e7ois Hollande para coordinar una respuesta conjunta, aunque ya funcionarios estadounidenses hablaron con sus hom\u00f3logos galos para expresarles \u00abnuestras m\u00e1s profundas condolencias\u00bb.<\/p>\n<\/p>\n<p>Trabajaremos con las autoridades francesas para llevar a los terroristas a la justicia, acot\u00f3 el mandatario, quien a\u00f1adi\u00f3 que no es momento de especular sobre qui\u00e9n es responsable, ya que parece que a\u00fan hay actividades en curso y peligros latentes.<\/p>\n<\/p>\n<p>Seg\u00fan la cadena televisiva CNN, los golpes casi simult\u00e1neos que tuvieron lugar en al menos tres puntos de Par\u00eds dejaron 43 muertos y unos 50 heridos en estado cr\u00edtico.<\/p>\n<\/p>\n<p>Algunas de las explosiones ocurrieron cerca del estadio parisino en el que se disputaba un partido de f\u00fatbol amistoso entre la selecci\u00f3n local y la alemana, donde se encontraba el presidente Hollande, quien tras ser evacuado por sus servicios de seguridad decret\u00f3 el estado de emergencia y orden\u00f3 el cierre de las fronteras.<\/p>\n<\/p>\n<p>Otros medios de prensa informan que unas 60 personas estar\u00edan como rehenes en la sala de conciertos Bataclan de la capital francesa.<\/p>\n<h6> 2015-11-13 19:50:12 <\/h6>\n<p><!--\n<link rel=\"stylesheet\" href=\"css\/bootstrap.min.css\">\n\n\n<ul class=\"pagination\">\n\t    \n\t\n\n<li >\n\t<a href='?page_no=22106'>Previous<\/a>\n\t<\/li>\n\n\n       \n    \n\n<li><a href='?page_no=1'>1<\/a><\/li>\n\n\n\n<li><a href='?page_no=2'>2<\/a><\/li>\n\n\n\n<li><a>...<\/a><\/li>\n\n\n\n<li><a href='?page_no=22105'>22105<\/a><\/li>\n\n\n\n<li><a href='?page_no=22106'>22106<\/a><\/li>\n\n\n\n<li class='active'><a>22107<\/a><\/li>\n\n\n\n<li><a href='?page_no=22108'>22108<\/a><\/li>\n\n\n\n<li><a href='?page_no=22109'>22109<\/a><\/li>\n\n\n\n<li><a>...<\/a><\/li>\n\n\n\n<li><a href='?page_no=51012'>51012<\/a><\/li>\n\n\n\n<li><a href='?page_no=51013'>51013<\/a><\/li>\n\n    \n\t\n\n<li >\n\t<a href='?page_no=22108'>Next<\/a>\n\t<\/li>\n\n\n    \n\n<li><a href='?page_no=51013'>Last &rsaquo;&rsaquo;<\/a><\/li>\n\n<\/ul>\n\n\n--><br \/>\n<\/body><\/p>\n","protected":false},"excerpt":{"rendered":"<p>Washington, 13 nov (PL) El presidente de Estados Unidos, Barack Obama, conden\u00f3 hoy los ataques terroristas que tuvieron lugar esta noche en Par\u00eds, Francia, a los que consider\u00f3 una acci\u00f3n vil contra civiles inocentes. En un mensaje desde la Casa Blanca, el mandatario se\u00f1al\u00f3 que este atentado fue no s\u00f3lo contra los franceses, sino contra [&hellip;]<\/p>\n","protected":false},"author":3,"featured_media":0,"comment_status":"open","ping_status":"open","sticky":false,"template":"","format":"standard","meta":{"footnotes":""},"categories":[23],"tags":[],"class_list":["post-252462","post","type-post","status-publish","format-standard","hentry","category-internacional"],"_links":{"self":[{"href":"https:\/\/diariodominicano.com\/index.php?rest_route=\/wp\/v2\/posts\/252462","targetHints":{"allow":["GET"]}}],"collection":[{"href":"https:\/\/diariodominicano.com\/index.php?rest_route=\/wp\/v2\/posts"}],"about":[{"href":"https:\/\/diariodominicano.com\/index.php?rest_route=\/wp\/v2\/types\/post"}],"author":[{"embeddable":true,"href":"https:\/\/diariodominicano.com\/index.php?rest_route=\/wp\/v2\/users\/3"}],"replies":[{"embeddable":true,"href":"https:\/\/diariodominicano.com\/index.php?rest_route=%2Fwp%2Fv2%2Fcomments&post=252462"}],"version-history":[{"count":0,"href":"https:\/\/diariodominicano.com\/index.php?rest_route=\/wp\/v2\/posts\/252462\/revisions"}],"wp:attachment":[{"href":"https:\/\/diariodominicano.com\/index.php?rest_route=%2Fwp%2Fv2%2Fmedia&parent=252462"}],"wp:term":[{"taxonomy":"category","embeddable":true,"href":"https:\/\/diariodominicano.com\/index.php?rest_route=%2Fwp%2Fv2%2Fcategories&post=252462"},{"taxonomy":"post_tag","embeddable":true,"href":"https:\/\/diariodominicano.com\/index.php?rest_route=%2Fwp%2Fv2%2Ftags&post=252462"}],"curies":[{"name":"wp","href":"https:\/\/api.w.org\/{rel}","templated":true}]}}