{"id":252461,"date":"2015-11-13T21:41:37","date_gmt":"2015-11-13T21:41:37","guid":{"rendered":"http:\/\/diariodominicano.ddns.net\/?p=252461"},"modified":"2015-11-13T21:41:37","modified_gmt":"2015-11-13T21:41:37","slug":"hollande-ordena-estado-de-urgencia-y-senala-actos-terroristas","status":"publish","type":"post","link":"https:\/\/diariodominicano.com\/?p=252461","title":{"rendered":"Hollande ordena estado de urgencia y se\u00f1ala actos terroristas"},"content":{"rendered":"<p><body><\/p>\n<p><img decoding=\"async\" src=\"img3\/presindente-francia-1.jpg\" \/>  <\/p>\n<p><span class=\"text1noticias\">Par\u00eds, 13 nov (PL) El presidente franc\u00e9s, Fran\u00e7ois Hollande, orden\u00f3 el estado de urgencia en todo el territorio nacional y evoc\u00f3 un acto terrorista, al referirse a las explosiones y tiroteos ocurridos hoy en esta capital.<\/span><\/p>\n<p><span class=\"text1noticias\"> <\/span><\/p>\n<p><span class=\"text1noticias\">Es un horror. Se trata de ataques terroristas de una amplitud sin precedentes en nuestro pa\u00eds, subray\u00f3 al dirigirse al pa\u00eds desde el Palacio del Eliseo.<\/span><\/p>\n<p><span class=\"text1noticias\"> <\/span><\/p>\n<p><span class=\"text1noticias\">Hollande tambi\u00e9n apunt\u00f3 que decidi\u00f3 el cierre de las fronteras para evitar la entrada de individuos que puedan realizar otros actos de ese tipo.<\/span><\/p>\n<p><span class=\"text1noticias\"> <\/span><\/p>\n<p><span class=\"text1noticias\">El mandatario llam\u00f3 a la solidaridad con las v\u00edctimas y los familiares, as\u00ed como a la unidad del pueblo y a la responsabilidad de cada ciudadano.<\/span><\/p>\n<p><span class=\"text1noticias\"> <\/span><\/p>\n<p><span class=\"text1noticias\">Seg\u00fan reportes recientes, al menos 40 personas murieron y 60 resultaron heridas durante varias explosiones y tiroteos ocurridos en Par\u00eds.<\/span><\/p>\n<p><span class=\"text1noticias\"> <\/span><\/p>\n<p><span class=\"text1noticias\">Algunas de las explosiones sucedieron cerca del estadio de Francia donde se disputaba un partido de f\u00fatbol amistoso entre la selecci\u00f3n local y la alemana.<\/span><\/p>\n<p><span class=\"text1noticias\"> <\/span><\/p>\n<p><span class=\"text1noticias\">El presidente Hollande, quien se encontraba en la instalaci\u00f3n deportiva, fue evacuado por sus servicios de seguridad.<\/span><\/p>\n<p><span class=\"text1noticias\"> <\/span><\/p>\n<p><span class=\"text1noticias\">Alrededor de 60 personas fueron tomados como rehenes en la sala conciertos Bataclan de esta capital.<\/span><\/p>\n<p><span class=\"text1noticias\"> <\/span><\/p>\n<p><span class=\"text1noticias\">Un Consejo de Ministros excepcional fue convocado por el jefe de Estado.<\/span><\/p>\n<p><span class=\"text1noticias\"> <\/span><\/p>\n<p><span class=\"text1noticias\">Los ataques coincidieron con el inicio este viernes del restablecimiento de los controles en las fronteras francesas debido a la cumbre mundial sobre cambio clim\u00e1tico que tendr\u00e1 lugar en esta capital del 30 de noviembre al 11 de diciembre<\/span> pr\u00f3ximo.<\/p>\n<h6> 2015-11-13 21:41:37 <\/h6>\n<p><!--\n<link rel=\"stylesheet\" href=\"css\/bootstrap.min.css\">\n\n\n<ul class=\"pagination\">\n\t    \n\t\n\n<li >\n\t<a href='?page_no=22105'>Previous<\/a>\n\t<\/li>\n\n\n       \n    \n\n<li><a href='?page_no=1'>1<\/a><\/li>\n\n\n\n<li><a href='?page_no=2'>2<\/a><\/li>\n\n\n\n<li><a>...<\/a><\/li>\n\n\n\n<li><a href='?page_no=22104'>22104<\/a><\/li>\n\n\n\n<li><a href='?page_no=22105'>22105<\/a><\/li>\n\n\n\n<li class='active'><a>22106<\/a><\/li>\n\n\n\n<li><a href='?page_no=22107'>22107<\/a><\/li>\n\n\n\n<li><a href='?page_no=22108'>22108<\/a><\/li>\n\n\n\n<li><a>...<\/a><\/li>\n\n\n\n<li><a href='?page_no=51012'>51012<\/a><\/li>\n\n\n\n<li><a href='?page_no=51013'>51013<\/a><\/li>\n\n    \n\t\n\n<li >\n\t<a href='?page_no=22107'>Next<\/a>\n\t<\/li>\n\n\n    \n\n<li><a href='?page_no=51013'>Last &rsaquo;&rsaquo;<\/a><\/li>\n\n<\/ul>\n\n\n--><br \/>\n<\/body><\/p>\n","protected":false},"excerpt":{"rendered":"<p>Par\u00eds, 13 nov (PL) El presidente franc\u00e9s, Fran\u00e7ois Hollande, orden\u00f3 el estado de urgencia en todo el territorio nacional y evoc\u00f3 un acto terrorista, al referirse a las explosiones y tiroteos ocurridos hoy en esta capital. Es un horror. Se trata de ataques terroristas de una amplitud sin precedentes en nuestro pa\u00eds, subray\u00f3 al dirigirse [&hellip;]<\/p>\n","protected":false},"author":3,"featured_media":0,"comment_status":"open","ping_status":"open","sticky":false,"template":"","format":"standard","meta":{"footnotes":""},"categories":[23],"tags":[],"class_list":["post-252461","post","type-post","status-publish","format-standard","hentry","category-internacional"],"_links":{"self":[{"href":"https:\/\/diariodominicano.com\/index.php?rest_route=\/wp\/v2\/posts\/252461","targetHints":{"allow":["GET"]}}],"collection":[{"href":"https:\/\/diariodominicano.com\/index.php?rest_route=\/wp\/v2\/posts"}],"about":[{"href":"https:\/\/diariodominicano.com\/index.php?rest_route=\/wp\/v2\/types\/post"}],"author":[{"embeddable":true,"href":"https:\/\/diariodominicano.com\/index.php?rest_route=\/wp\/v2\/users\/3"}],"replies":[{"embeddable":true,"href":"https:\/\/diariodominicano.com\/index.php?rest_route=%2Fwp%2Fv2%2Fcomments&post=252461"}],"version-history":[{"count":0,"href":"https:\/\/diariodominicano.com\/index.php?rest_route=\/wp\/v2\/posts\/252461\/revisions"}],"wp:attachment":[{"href":"https:\/\/diariodominicano.com\/index.php?rest_route=%2Fwp%2Fv2%2Fmedia&parent=252461"}],"wp:term":[{"taxonomy":"category","embeddable":true,"href":"https:\/\/diariodominicano.com\/index.php?rest_route=%2Fwp%2Fv2%2Fcategories&post=252461"},{"taxonomy":"post_tag","embeddable":true,"href":"https:\/\/diariodominicano.com\/index.php?rest_route=%2Fwp%2Fv2%2Ftags&post=252461"}],"curies":[{"name":"wp","href":"https:\/\/api.w.org\/{rel}","templated":true}]}}