{"id":252459,"date":"2015-11-14T07:30:45","date_gmt":"2015-11-14T07:30:45","guid":{"rendered":"http:\/\/diariodominicano.ddns.net\/?p=252459"},"modified":"2015-11-14T07:30:45","modified_gmt":"2015-11-14T07:30:45","slug":"francia-se-conmueve-por-el-peor-atentado-de-su-historia","status":"publish","type":"post","link":"https:\/\/diariodominicano.com\/?p=252459","title":{"rendered":"Francia se conmueve por el peor atentado de su historia"},"content":{"rendered":"<p><body><\/p>\n<p><img decoding=\"async\" src=\"img3\/tiro 4.jpg\" \/>  <\/p>\n<p>Par\u00eds, Francia 14 noviembre.- El a\u00f1o 2015 estuvo marcado con sangre por el yihadismo. El ataque de viernes en Par\u00eds cerr\u00f3 una serie que se inici\u00f3 en enero con la masacre en la redacci\u00f3n de la revista Charlie Hebdo<\/p>\n<\/p>\n<p>En los primeros d\u00edas de enero, entre el 7 y el 9, tres terroristas lanzaron una serie de ataques en Par\u00eds que ten\u00edan como objetivo la sede del semanario sat\u00edrico Charlie Hebdo, una agente de polic\u00eda y un supermercado jud\u00edo.<\/p>\n<\/p>\n<p>Se organizaron en dos comandos y atacaron sus objetivos independientemente. El primero lo formaban los hermanos franceses Ch\u00e9rif y Said Kouachi, que penetraron en las oficinas de esa revista armados con subfusiles y mataron a 12 personas, entre ellas varios dibujantes emblem\u00e1ticos de la cabecera. Al Qaeda de la Pen\u00ednsula Ar\u00e1biga (AQPA) reivindic\u00f3 el atentado.<\/p>\n<\/p>\n<p>Huyeron y se atrincheraron en una imprenta cercana a Par\u00eds, donde fueron abatidos por la polic\u00eda dos d\u00edas despu\u00e9s.<\/p>\n<\/p>\n<p>Su muerte se produjo casi al mismo tiempo que la de Amedy Coulibaly, otro ciudadano con pasaporte franc\u00e9s que en esos mismos d\u00edas mat\u00f3 a una agente de polic\u00eda y a cuatro personas en un supermercado jud\u00edo del este de Par\u00eds durante una toma de rehenes en la que fue liquidado por las fuerzas especiales.<\/p>\n<\/p>\n<p>LOS ATENTADOS CONTRA CHARLIE HEBDO <\/p>\n<\/p>\n<p>Aquellos atentados, con un alto contenido simb\u00f3lico contra la libertad de prensa, generaron una reacci\u00f3n de solidaridad espont\u00e1nea en Par\u00eds y en todo el mundo que las redes sociales resumieron en la etiqueta #JeSuisCharlie (Yo soy Charlie).<\/p>\n<\/p>\n<p>Francia ya hab\u00eda sufrido atentados terroristas con el fanatismo islamista de fondo, por ejemplo en 2012, cuando el \u00ablobo solitario\u00bb franc\u00e9s de origen argelino Mohamed Merah asesin\u00f3 en Toulouse (sur) y sus alrededores a siete personas en varios d\u00edas, cuatro de ellos a las puertas de un colegio jud\u00edo.<\/p>\n<\/p>\n<p>Pero el atentado contra Charlie Hebdo desat\u00f3 una indignaci\u00f3n sin precedentes en la sociedad francesa, que sali\u00f3 a la calle sin miedo a defender su libertad.<\/p>\n<\/p>\n<p>A partir de esos ataques, Par\u00eds elev\u00f3 su nivel de alerta antiterrorista y se movilizaron 10.000 militares para proteger el territorio franc\u00e9s, al tiempo que grupos islamistas como el Estado Isl\u00e1mico (ISIS, por sus siglas en ingl\u00e9s) multiplicaban sus amenazas contra Francia.<\/p>\n<\/p>\n<p>En febrero, tres militares que custodiaban un centro jud\u00edo fueron atacados con un cuchillo por Moussa Coulibaly, un radical de 30 a\u00f1os que hab\u00eda estado sometido a vigilancia policial, sin que los agentes sospecharan que preparaba un atentado inminente.<\/p>\n<\/p>\n<p>Francia est\u00e1 conmovida por los sucesivos ataques terroristas<\/p>\n<\/p>\n<p>Dos meses m\u00e1s tarde, el 19 de abril, un estudiante argelino de inform\u00e1tica, Sid Ahmed Ghlam, fue detenido en Par\u00eds en posesi\u00f3n de armamento pesado, como sospechoso de haber matado a una mujer y de preparar un atentado contra una iglesia. Confes\u00f3 que tambi\u00e9n quer\u00eda atacar un tren.<\/p>\n<\/p>\n<p>Pero el primer atentado mortal tras los ataques de enero no se produjo hasta el 26 de junio, cuando el transportista Yassin Salhi decapit\u00f3 a su jefe a las afueras de Lyon y dej\u00f3 el cuerpo rodeado de banderas del ISIS en una f\u00e1brica qu\u00edmica contra la que intent\u00f3 atentar, antes de ser reducido por un bombero.<\/p>\n<\/p>\n<p>El crimen se produjo solo dos d\u00edas despu\u00e9s de que la Asamblea Nacional francesa aprobara una nueva ley para ampliar las competencias de los servicios secretos, con menos restricciones para interceptar comunicaciones y el foco puesto en el integrismo.<\/p>\n<\/p>\n<p>Tres semanas despu\u00e9s, la sombra del terror yihadista volvi\u00f3 a dejarse notar en Francia: cuatro j\u00f3venes de entre 16 y 23 a\u00f1os fueron detenidos y acusados de planear atacar un enclave militar y de querer grabar la decapitaci\u00f3n de un oficial en nombre del ISIS.<\/p>\n<\/p>\n<p>Tambi\u00e9n durante el verano europeo, esta vez en un tren de alta velocidad Thalys que viajaba de \u00c1msterdam a Par\u00eds, el marroqu\u00ed Ayoub El-Kahzzani, de 26 a\u00f1os, protagoniz\u00f3 una nueva tentativa de ataque.<\/p>\n<\/p>\n<p>Llevaba un kalashnikov, nueve cargadores, una pistola autom\u00e1tica y un c\u00fater, pero tres pasajeros estadounidenses y uno brit\u00e1nico lograron reducirle en un acto de hero\u00edsmo aplaudido por los respectivos gobiernos.<\/p>\n<\/p>\n<p>Fue el \u00faltimo atentado antes de la terrible oleada de ataques de este viernes, que han causado m\u00e1s de 120 muertos y dos centenares de heridos, en un a\u00f1o en el que las autoridades francesas han detenido a 370 personas por supuestos v\u00ednculos con el yihadismo.<\/p>\n<\/p>\n<p>Entre ellos, un hombre de nacionalidad francesa que hab\u00eda estado en Siria, y que planeaba atentar contra una sala de conciertos en Francia. Fue en septiembre, solo una semana antes de que Francia empezara a bombardear Siria, como viene haciendo desde 2014 en Irak, y dos meses antes de que el emblem\u00e1tico Bataclan fuera atacado ayer.<\/p>\n<\/p>\n<p>Los ataques que sacudieron Par\u00eds este viernes<\/p>\n<\/p>\n<p>Siete atentados terroristas simult\u00e1neos tuvieron lugar anoche en Par\u00eds. En total se contabilizaron 153 muertos hasta el momento. Los ataques, perpetrados por fundamentalistas isl\u00e1micos al grito de \u00ab\u00a1Al\u00e1 es grande!\u00bb, fueron coordinados, lo que demuestra el grado de preparaci\u00f3n de los fundamentalistas.<\/p>\n<\/p>\n<p>La polic\u00eda de \u00b4la capital francesa se vio desbordada por la cantidad de alertas que iban sucedi\u00e9ndose una tras otra entre las 21 y las 22. El m\u00e1s grave de los hechos sucedi\u00f3 en el teatro Le Bataclan, donde 1.500 personas disfrutaban de un concierto de rock. M\u00e1s de 100 espectadores resultaron ejecutados.<\/p>\n<\/p>\n<p>Durante el primer tiempo del partido amistoso entre las selecciones de Francia y Alemania del tr\u00e1gico viernes, tres explosiones se escucharon cerca del Stade de France, uno de los m\u00e1s importantes del pa\u00eds. La primera de ellas se pudo o\u00edr alrededor de las 21:20 de la noche, fue un estallido corto y seco. El siguiente se escuch\u00f3 pocos minutos despu\u00e9s, y se oy\u00f3 claramente mientras se abr\u00eda paso en el aire helado. Luego, otra detonaci\u00f3n ocurri\u00f3 afuera del estadio. En las afueras del estadio fallecieron cinco personas como consecuencia de los tres ataques, perpetrados por kamikazes.<\/p>\n<\/p>\n<p>Tres explosiones se escucharon cerca del Stade de France<\/p>\n<\/p>\n<p>El presidente franc\u00e9s, Fran\u00e7ois Hollande, quien asist\u00eda al partido, fue evacuado inmediatamente, mientras que se reforz\u00f3 la seguridad en las entradas y salidas del estadio. El partido se jug\u00f3 hasta el final y el p\u00fablico fue desalojado finalmente en un ambiente de calma relativa. En las afueras del estadio fallecieron cinco personas como consecuencia de los tres ataques, perpetrados por kamikazes.<\/p>\n<\/p>\n<p>Tambi\u00e9n a las 21:20, un tiroteo en plena calle, en Boulevard Voltaire, sorprendi\u00f3 a la gente que caminaba por el lugar. Estos disparos dejaron un muerto en el lugar.<\/p>\n<\/p>\n<p>Un tiroteo en plena calle, en Boulevard Voltaire, sorprendi\u00f3 a la gente que caminaba por el lugar<\/p>\n<\/p>\n<p>En Rue Bichat, el primer tiroteo tuvo lugar sobre las 21.30 hora local en las terrazas de los bares Le Carrillon y Petite Cambodge, en el Distrito X de Par\u00eds, junto al canal Saint Martin. All\u00ed dos hombres a cara descubierta abrieron fuego con armas autom\u00e1ticas sobre los clientes. \u00ab<\/p>\n<\/p>\n<p>En Rue Bichat, el primer tiroteo tuvo lugar sobre las 21.30 hora local en las terrazas de los bares Le Carrillon y Petite Cambodge<\/p>\n<\/p>\n<p>En tanto, en la pizzer\u00eda Casa Nostra, minutos despu\u00e9s de las 21.30 sucedi\u00f3 un hecho similar. Uno de los terroristas isl\u00e1micos comenz\u00f3 a disparar contra los comensales que se encontraban en la terraza del lugar. Provoc\u00f3 un ba\u00f1o de sangre. Varias r\u00e1fagas de una \u00abametralladora autom\u00e1tica\u00bb abatieron a al menos cinco personas, seg\u00fan un testigo, Mathieu, de 35 a\u00f1os.<\/p>\n<\/p>\n<p>Unos minutos m\u00e1s tarde, a las 21.40, los terroristas irrumpieron con sus Kalashnikov en uno de los teatros m\u00e1s concurridos de la ciudad: Le Bataclan. Fue all\u00ed donde ocurri\u00f3 la mayor de las masacres: m\u00e1s de 100 personas fueron acribilladas.<\/p>\n<\/p>\n<p>A las 21.40, los terroristas irrumpieron con sus Kalashnikov en uno de los teatros m\u00e1s concurridos de la ciudad: Le Bataclan<\/p>\n<p>EFE<\/p>\n<p>Pasadas las 21:40 se dio inicio a otro tiroteo, pero sin dejar v\u00edctimas fatales. Fue en Bld. Beaumarchais. La polic\u00eda logr\u00f3 advertir a tiempo a los transe\u00fantes que all\u00ed se encontraban, poni\u00e9ndolos en alerta. \u00abVuelvan a sus casas, son terroristas\u00bb, se escucharon los gritos. No se reportaron muertos, pero s\u00ed varios heridos como consecuencia del accionar de los radicales isl\u00e1micos.<\/p>\n<\/p>\n<p>Por \u00faltimo, en Rue Charonne, un hombre dispar\u00f3 varias r\u00e1fagas desde el interior de un autom\u00f3vil. La escena posterior al accionar terrorista fue calificada por los transe\u00fantes como una \u00abverdadera pesadilla\u00bb. \u00abLos cuerpos est\u00e1n tendidos sobre la calle\u00bb, se\u00f1al\u00f3 Jeremy Cliffe, periodista de The Economist desde el lugar. Un hombre dijo haber escuchado disparos durante \u00abdos, tres minutos\u00bb, \u00abr\u00e1fagas\u00bb. \u00abVi varios cuerpos ensangrentados por el suelo. No s\u00e9 si estaban muertos\u00bb, asegur\u00f3. Seg\u00fan \u00e9l, un caf\u00e9 y un restaurante japon\u00e9s fueron el blanco de los disparos. All\u00ed fueron ejecutadas 18 personas.<\/p>\n<\/p>\n<p>En Rue Charonne, un hombre dispar\u00f3 varias r\u00e1fagas desde el interior de un autom\u00f3vil<\/p>\n<p>AFP<\/p>\n<p>Las reacciones en el mundo<\/p>\n<\/p>\n<p>La comunidad internacional conden\u00f3 con firmeza los m\u00faltiples atentados terroristas perpetrados en Par\u00eds este viernes que dejaron m\u00e1s de 100 muertos y obligaron al presidente franc\u00e9s, Fran\u00e7ois Hollande, a decretar el estado de emergencia.<\/p>\n<\/p>\n<p>El presidente de Estados Unidos, Barack Obama, conden\u00f3 los ataques, a los que consider\u00f3 un atentado \u00abcontra toda la humanidad\u00bb y una \u00abvil tentativa de aterrorizar a civiles inocentes\u00bb.<\/p>\n<\/p>\n<p>Par\u00eds \u00abrepresenta los valores atemporales del progreso humano. Aqu\u00e9llos que piensan que pueden aterrorizar a los franceses, a los valores que representan est\u00e1n equivocados\u00bb, a\u00f1adi\u00f3 Obama, quien se mostr\u00f3 dispuesto a ayudar a \u00absu m\u00e1s antiguo aliado\u00bb.<\/p>\n<h6> 2015-11-14 07:30:45 <\/h6>\n<p><!--\n<link rel=\"stylesheet\" href=\"css\/bootstrap.min.css\">\n\n\n<ul class=\"pagination\">\n\t    \n\t\n\n<li >\n\t<a href='?page_no=22103'>Previous<\/a>\n\t<\/li>\n\n\n       \n    \n\n<li><a href='?page_no=1'>1<\/a><\/li>\n\n\n\n<li><a href='?page_no=2'>2<\/a><\/li>\n\n\n\n<li><a>...<\/a><\/li>\n\n\n\n<li><a href='?page_no=22102'>22102<\/a><\/li>\n\n\n\n<li><a href='?page_no=22103'>22103<\/a><\/li>\n\n\n\n<li class='active'><a>22104<\/a><\/li>\n\n\n\n<li><a href='?page_no=22105'>22105<\/a><\/li>\n\n\n\n<li><a href='?page_no=22106'>22106<\/a><\/li>\n\n\n\n<li><a>...<\/a><\/li>\n\n\n\n<li><a href='?page_no=51012'>51012<\/a><\/li>\n\n\n\n<li><a href='?page_no=51013'>51013<\/a><\/li>\n\n    \n\t\n\n<li >\n\t<a href='?page_no=22105'>Next<\/a>\n\t<\/li>\n\n\n    \n\n<li><a href='?page_no=51013'>Last &rsaquo;&rsaquo;<\/a><\/li>\n\n<\/ul>\n\n\n--><br \/>\n<\/body><\/p>\n","protected":false},"excerpt":{"rendered":"<p>Par\u00eds, Francia 14 noviembre.- El a\u00f1o 2015 estuvo marcado con sangre por el yihadismo. El ataque de viernes en Par\u00eds cerr\u00f3 una serie que se inici\u00f3 en enero con la masacre en la redacci\u00f3n de la revista Charlie Hebdo En los primeros d\u00edas de enero, entre el 7 y el 9, tres terroristas lanzaron una [&hellip;]<\/p>\n","protected":false},"author":3,"featured_media":0,"comment_status":"open","ping_status":"open","sticky":false,"template":"","format":"standard","meta":{"footnotes":""},"categories":[23],"tags":[],"class_list":["post-252459","post","type-post","status-publish","format-standard","hentry","category-internacional"],"_links":{"self":[{"href":"https:\/\/diariodominicano.com\/index.php?rest_route=\/wp\/v2\/posts\/252459","targetHints":{"allow":["GET"]}}],"collection":[{"href":"https:\/\/diariodominicano.com\/index.php?rest_route=\/wp\/v2\/posts"}],"about":[{"href":"https:\/\/diariodominicano.com\/index.php?rest_route=\/wp\/v2\/types\/post"}],"author":[{"embeddable":true,"href":"https:\/\/diariodominicano.com\/index.php?rest_route=\/wp\/v2\/users\/3"}],"replies":[{"embeddable":true,"href":"https:\/\/diariodominicano.com\/index.php?rest_route=%2Fwp%2Fv2%2Fcomments&post=252459"}],"version-history":[{"count":0,"href":"https:\/\/diariodominicano.com\/index.php?rest_route=\/wp\/v2\/posts\/252459\/revisions"}],"wp:attachment":[{"href":"https:\/\/diariodominicano.com\/index.php?rest_route=%2Fwp%2Fv2%2Fmedia&parent=252459"}],"wp:term":[{"taxonomy":"category","embeddable":true,"href":"https:\/\/diariodominicano.com\/index.php?rest_route=%2Fwp%2Fv2%2Fcategories&post=252459"},{"taxonomy":"post_tag","embeddable":true,"href":"https:\/\/diariodominicano.com\/index.php?rest_route=%2Fwp%2Fv2%2Ftags&post=252459"}],"curies":[{"name":"wp","href":"https:\/\/api.w.org\/{rel}","templated":true}]}}