{"id":252457,"date":"2015-11-15T00:09:37","date_gmt":"2015-11-15T00:09:37","guid":{"rendered":"http:\/\/diariodominicano.ddns.net\/?p=252457"},"modified":"2015-11-15T00:09:37","modified_gmt":"2015-11-15T00:09:37","slug":"ataques-en-paris-podrian-reforzar-papel-de-francia-contra-ei-y-cambiar-relativamente-su-postura-sobre-siria","status":"publish","type":"post","link":"https:\/\/diariodominicano.com\/?p=252457","title":{"rendered":"Ataques en Par\u00eds podr\u00edan reforzar papel de Francia contra EI y cambiar relativamente su postura sobre Siria"},"content":{"rendered":"<p><body><\/p>\n<p><img decoding=\"async\" src=\"img3\/134817103_14475482271221n.jpg\" \/><br \/><img decoding=\"async\" src=\"img3\/134817103_14475481930871n.jpg\" \/>  <\/p>\n<p><strong>EL CAIRO, 14 nov (Xinhua) &#8212; <\/strong>Los ataques terroristas de ayer en Par\u00eds, que dejaron cientos de civiles muertos y m\u00e1s de 300 heridos, podr\u00edan llevar a Francia a jugar un papel m\u00e1s activo en la alianza encabezada por Estados Unidos contra el grupo miliciano Estado Isl\u00e1mico (EI) en Medio Oriente y adoptar una posici\u00f3n relativamente diferente sobre la crisis en Siria, se\u00f1alaron expertos en temas pol\u00edtico y de seguridad de Egipto.<\/p>\n<\/p>\n<p>Los ataques en Par\u00eds reconocidos por el EI provocaron el m\u00e1s elevado n\u00famero de v\u00edctimas en la historia moderna de Francia, representando un cambio cualitativo en la estrategia operativa del Estado Isl\u00e1mico.<\/p>\n<\/p>\n<p>Los ataques ocurrieron menos de dos semanas despu\u00e9s de que un avi\u00f3n ruso se estrell\u00f3 en la provincia Sina\u00ed Norte en Egipto provocando la muerte de las 224 personas que iban a bordo, en su mayor\u00eda rusos; una tragedia que fue reivindicada por la c\u00e9lula del EI en el Sina\u00ed de Egipto, versi\u00f3n fuertemente rechazada por Egipto y por Rusia.<\/p>\n<p><strong> <\/strong><\/p>\n<p><strong>PAPEL M\u00c1S FUERTE CONTRA EI<\/strong><\/p>\n<\/p>\n<p>Francia es miembro de la alianza internacional contra el EI encabezada por Estados Unidos, que ha estado operando en la regi\u00f3n en el \u00faltimo par de a\u00f1os sin grandes logros.<\/p>\n<\/p>\n<p>\u00abCreo que Francia tendr\u00e1 una participaci\u00f3n m\u00e1s fuerte y m\u00e1s activa en su participaci\u00f3n en la alianza internacional contra el EI en Medio Oriente probablemente con el env\u00edo de m\u00e1s tropas o de aviones caza para ayudar a eliminar al EI\u00bb, coment\u00f3 Hassan Nafaa, profesor de ciencia pol\u00edtica en la Universidad de El Cairo, a Xinhua.<\/p>\n<\/p>\n<p>El profesor espera que la respuesta de Francia sea fuerte y que Francia tenga un mayor papel contra el terrorismo en Medio Oriente, y agreg\u00f3 que \u00abtambi\u00e9n habr\u00e1 una dura reacci\u00f3n de la Uni\u00f3n Europea de la cual Francia es parte influyente\u00bb.<\/p>\n<\/p>\n<p>Nafaa dijo que Francia tendr\u00e1 que parecer fuerte frente a la opini\u00f3n p\u00fablica local e internacional a trav\u00e9s de su respuesta ante estos sangrientos ataques.<\/p>\n<\/p>\n<p><strong>OPINION SOBRE SIRIA PUEDE CAMBIAR<\/strong><\/p>\n<\/p>\n<p>Rusia recientemente &#8211; y de manera unilateral &#8211; decidi\u00f3 sumarse a la guerra contra el terror en la regi\u00f3n para combatir el \u00abterrorismo\u00bb a lado de las tropas del presidente de Siria, Bashar al-Assad. La acci\u00f3n ha tenido la oposici\u00f3n de la mayor\u00eda de los Estados de Occidente que buscan la ca\u00edda de Assad como parte de la soluci\u00f3n a la crisis siria.<\/p>\n<\/p>\n<p>Al igual que Estados Unidos y la mayor\u00eda de Occidente, la posici\u00f3n de Francia fue clara de que no habr\u00e1 soluci\u00f3n en Siria mientras Assad permanezca en el poder.<\/p>\n<\/p>\n<p>\u00abLa posici\u00f3n francesa sobre Assad puede cambiar relativamente, ya que el sangrante pa\u00eds europeo podr\u00eda no dar prioridad a la salida de Assad sino a la eliminaci\u00f3n del Estado Isl\u00e1mico en primer lugar\u00bb, dijo el profesor Nafaa.<\/p>\n<\/p>\n<p>Argument\u00f3 que la posici\u00f3n francesa podr\u00eda acercarse m\u00e1s a la de Rusia, dado que la teor\u00eda de librarse de Assad para resolver el asuntos sirio \u00abse debilita d\u00eda a d\u00eda\u00bb.<\/p>\n<\/p>\n<p><strong>REFUGIADOS SIRIOS AFECTADOS<\/strong><\/p>\n<\/p>\n<p>Francia declar\u00f3 un estado de emergencia y tres d\u00edas de luto por los ataques simult\u00e1neos del viernes en Par\u00eds, descritos por el presidente franc\u00e9s Francois Hollande como \u00abun acto de guerra\u00bb de yihadistas del Estado Isl\u00e1mico.<\/p>\n<\/p>\n<p>En este ca\u00f3tico momento, los pa\u00edses normalmente no querr\u00edan arriesgarse a abrir sus fronteras a los refugiados de Estados \u00e1rabes en conflicto como Siria, cuyo nombre tiene algo que ver con los ataques en Par\u00eds.<\/p>\n<\/p>\n<p>\u00abLos mortales ataques seguramente afectar\u00e1n la situaci\u00f3n de los refugiados sirios en Europa, debido a que los dedos los apuntan como responsables de la reciente tragedia\u00bb, dijo Gamal Mazloum, experto en seguridad y ex jefe del Centro de Fuerzas Armadas para Estudios Estrat\u00e9gicos.<\/p>\n<\/p>\n<p>Un campamento de refugiados sirios sufri\u00f3 un incendio en el norte de Francia horas despu\u00e9s de los ataques, Polonia anunci\u00f3 su rechazo a recibir a cualquier refugiado sirio despu\u00e9s de los ataques, mientras algunos medios informan que un pasaporte sirio fue encontrado en una de las escenas del crimen.<\/p>\n<\/p>\n<p>\u00abLos refugiados sirios sufren por el r\u00e9gimen en Siria, por eso es momento de que las potencias mundiales, incluida Francia, encuentren verdaderas soluciones a la crisis siria y no dejen a los sirios en tal encrucijada\u00bb, se\u00f1al\u00f3 Mazloum, vicedecano de la Facultad de Ciencias Estrat\u00e9gicas de la Universidad de Estudios de Seguridad Naif Arab en Riad.<\/p>\n<\/p>\n<p>\u00abLa participaci\u00f3n rusa se debe a la falta de resultados de la alianza antiterrorista de Occidente en la regi\u00f3n\u00bb, dijo Mazloum a Xinhua, argumentando que la inestabilidad de algunos pa\u00edses \u00e1rabes del sur del Mar Mediterr\u00e1neo representa \u00abuna amenaza directa\u00bb para los del norte del Mediterr\u00e1neo, incluidos Francia, Italia y otros.<\/p>\n<p><strong>CAMBIO EN ESTRATEGIA DE EI<\/strong><\/p>\n<\/p>\n<p>\u00abLos ataques en Par\u00eds representan un cambio cualitativo en la estrategia del EI, cuyas t\u00e1cticas sol\u00edan ser diferentes de las de Al Qaeda, aunque ambos tienen objetivos compartidos\u00bb, se\u00f1al\u00f3 Diaa Rashwan, jefe del Centro Al-Ahram de Estudios Pol\u00edticos y Estrat\u00e9gicos de El Cairo.<\/p>\n<\/p>\n<p>Rashwan explic\u00f3 que Al Qaeda es un grupo terrorista sin un territorio espec\u00edfico en el que busque establecer un Estado, a diferencia del EI que quiere establecer un Estado en la regi\u00f3n de Irak y Siria.<\/p>\n<\/p>\n<p>\u00abLanzar ataques transfronterizos fuera de sus territorios no era una de las prioridades del Estado Isl\u00e1mico, que buscaba en primer lugar fortalecer su dominio territorial en casa en vez de abrir frentes de lucha externos y ganarse m\u00e1s enemigos\u00bb, coment\u00f3 a Xinhua el investigador.<\/p>\n<\/p>\n<p>\u00abEsta es la raz\u00f3n por la cual los ataques en Par\u00eds revelan un cambio real en la estrategia del Estado Isl\u00e1mico, dado que los ataques simult\u00e1neos fueron bien organizados, lo que indica elementos bien entrenados que demuestran poder y desaf\u00edan a las autoridades\u00bb, explic\u00f3 Rashwan.<\/p>\n<\/p>\n<p>Dijo que espera que los perpetradores sean elementos reclutados por el EI en Occidente que se unieron a la lucha a lado del EI en la regi\u00f3n y luego se les orden\u00f3 regresar a casa para llevar a cabo los ataques.<\/p>\n<\/p>\n<p>\u00abReconsiderar la posici\u00f3n sobre Siria puede hacer cambios en favor de todo el mundo, y las lecciones aprendidas no se desatender\u00e1n para vigilar el reclutamiento en Occidente de grupos terroristas\u00bb, declar\u00f3 a Xinhua el jefe del Centro Al-Ahram.<\/p>\n<h6> 2015-11-15 00:09:37 <\/h6>\n<p><!--\n<link rel=\"stylesheet\" href=\"css\/bootstrap.min.css\">\n\n\n<ul class=\"pagination\">\n\t    \n\t\n\n<li >\n\t<a href='?page_no=22101'>Previous<\/a>\n\t<\/li>\n\n\n       \n    \n\n<li><a href='?page_no=1'>1<\/a><\/li>\n\n\n\n<li><a href='?page_no=2'>2<\/a><\/li>\n\n\n\n<li><a>...<\/a><\/li>\n\n\n\n<li><a href='?page_no=22100'>22100<\/a><\/li>\n\n\n\n<li><a href='?page_no=22101'>22101<\/a><\/li>\n\n\n\n<li class='active'><a>22102<\/a><\/li>\n\n\n\n<li><a href='?page_no=22103'>22103<\/a><\/li>\n\n\n\n<li><a href='?page_no=22104'>22104<\/a><\/li>\n\n\n\n<li><a>...<\/a><\/li>\n\n\n\n<li><a href='?page_no=51012'>51012<\/a><\/li>\n\n\n\n<li><a href='?page_no=51013'>51013<\/a><\/li>\n\n    \n\t\n\n<li >\n\t<a href='?page_no=22103'>Next<\/a>\n\t<\/li>\n\n\n    \n\n<li><a href='?page_no=51013'>Last &rsaquo;&rsaquo;<\/a><\/li>\n\n<\/ul>\n\n\n--><br \/>\n<\/body><\/p>\n","protected":false},"excerpt":{"rendered":"<p>EL CAIRO, 14 nov (Xinhua) &#8212; Los ataques terroristas de ayer en Par\u00eds, que dejaron cientos de civiles muertos y m\u00e1s de 300 heridos, podr\u00edan llevar a Francia a jugar un papel m\u00e1s activo en la alianza encabezada por Estados Unidos contra el grupo miliciano Estado Isl\u00e1mico (EI) en Medio Oriente y adoptar una posici\u00f3n [&hellip;]<\/p>\n","protected":false},"author":3,"featured_media":0,"comment_status":"open","ping_status":"open","sticky":false,"template":"","format":"standard","meta":{"footnotes":""},"categories":[23],"tags":[],"class_list":["post-252457","post","type-post","status-publish","format-standard","hentry","category-internacional"],"_links":{"self":[{"href":"https:\/\/diariodominicano.com\/index.php?rest_route=\/wp\/v2\/posts\/252457","targetHints":{"allow":["GET"]}}],"collection":[{"href":"https:\/\/diariodominicano.com\/index.php?rest_route=\/wp\/v2\/posts"}],"about":[{"href":"https:\/\/diariodominicano.com\/index.php?rest_route=\/wp\/v2\/types\/post"}],"author":[{"embeddable":true,"href":"https:\/\/diariodominicano.com\/index.php?rest_route=\/wp\/v2\/users\/3"}],"replies":[{"embeddable":true,"href":"https:\/\/diariodominicano.com\/index.php?rest_route=%2Fwp%2Fv2%2Fcomments&post=252457"}],"version-history":[{"count":0,"href":"https:\/\/diariodominicano.com\/index.php?rest_route=\/wp\/v2\/posts\/252457\/revisions"}],"wp:attachment":[{"href":"https:\/\/diariodominicano.com\/index.php?rest_route=%2Fwp%2Fv2%2Fmedia&parent=252457"}],"wp:term":[{"taxonomy":"category","embeddable":true,"href":"https:\/\/diariodominicano.com\/index.php?rest_route=%2Fwp%2Fv2%2Fcategories&post=252457"},{"taxonomy":"post_tag","embeddable":true,"href":"https:\/\/diariodominicano.com\/index.php?rest_route=%2Fwp%2Fv2%2Ftags&post=252457"}],"curies":[{"name":"wp","href":"https:\/\/api.w.org\/{rel}","templated":true}]}}