{"id":252456,"date":"2015-11-15T00:21:15","date_gmt":"2015-11-15T00:21:15","guid":{"rendered":"http:\/\/diariodominicano.ddns.net\/?p=252456"},"modified":"2015-11-15T00:21:15","modified_gmt":"2015-11-15T00:21:15","slug":"presidente-chino-expresa-su-mas-energica-condena-contra-ataques-terroristas-en-paris","status":"publish","type":"post","link":"https:\/\/diariodominicano.com\/?p=252456","title":{"rendered":"Presidente chino expresa su \u00abm\u00e1s en\u00e9rgica\u00bb condena contra ataques terroristas en Par\u00eds"},"content":{"rendered":"<p><body><\/p>\n<p><strong>BEIJING, 14 nov (Xinhua) &#8212;<\/strong> El presidente chino, Xi Jinping, expres\u00f3 este s\u00e1bado su \u00abm\u00e1s en\u00e9rgica\u00bb condena contra una serie de atentados terroristas ocurridos anoche en Par\u00eds, que dejaron m\u00e1s de cien muertos y una gran cantidad de heridos.<\/p>\n<\/p>\n<p>\u00abEn este doloroso momento para el pueblo franc\u00e9s, en nombre del gobierno y el pueblo chinos y el m\u00edo propio, condeno en los t\u00e9rminos m\u00e1s en\u00e9rgicos los b\u00e1rbaros ataques\u00bb (acontecidos la noche del viernes en Par\u00eds), manifest\u00f3 Xi en un mensaje de condolencias enviado a su hom\u00f3logo franc\u00e9s, Francois Hollande.<\/p>\n<\/p>\n<p>En su mensaje, Xi transmiti\u00f3 adem\u00e1s su m\u00e1s sentido p\u00e9same por los fallecidos y su apoyo y solidaridad con los heridos y los familiares de las v\u00edctimas.<\/p>\n<\/p>\n<p>China siempre se opone a todas las formas de terrorismo y est\u00e1 dispuesta a trabajar con Francia y toda la comunidad internacional para mejorar la cooperaci\u00f3n en seguridad, combatir el terrorismo y garantizar la seguridad de las personas de todos los pa\u00edses, subray\u00f3 el mandatario chino<\/p>\n<h6> 2015-11-15 00:21:15 <\/h6>\n<p><!--\n<link rel=\"stylesheet\" href=\"css\/bootstrap.min.css\">\n\n\n<ul class=\"pagination\">\n\t    \n\t\n\n<li >\n\t<a href='?page_no=22100'>Previous<\/a>\n\t<\/li>\n\n\n       \n    \n\n<li><a href='?page_no=1'>1<\/a><\/li>\n\n\n\n<li><a href='?page_no=2'>2<\/a><\/li>\n\n\n\n<li><a>...<\/a><\/li>\n\n\n\n<li><a href='?page_no=22099'>22099<\/a><\/li>\n\n\n\n<li><a href='?page_no=22100'>22100<\/a><\/li>\n\n\n\n<li class='active'><a>22101<\/a><\/li>\n\n\n\n<li><a href='?page_no=22102'>22102<\/a><\/li>\n\n\n\n<li><a href='?page_no=22103'>22103<\/a><\/li>\n\n\n\n<li><a>...<\/a><\/li>\n\n\n\n<li><a href='?page_no=51012'>51012<\/a><\/li>\n\n\n\n<li><a href='?page_no=51013'>51013<\/a><\/li>\n\n    \n\t\n\n<li >\n\t<a href='?page_no=22102'>Next<\/a>\n\t<\/li>\n\n\n    \n\n<li><a href='?page_no=51013'>Last &rsaquo;&rsaquo;<\/a><\/li>\n\n<\/ul>\n\n\n--><br \/>\n<\/body><\/p>\n","protected":false},"excerpt":{"rendered":"<p>BEIJING, 14 nov (Xinhua) &#8212; El presidente chino, Xi Jinping, expres\u00f3 este s\u00e1bado su \u00abm\u00e1s en\u00e9rgica\u00bb condena contra una serie de atentados terroristas ocurridos anoche en Par\u00eds, que dejaron m\u00e1s de cien muertos y una gran cantidad de heridos. \u00abEn este doloroso momento para el pueblo franc\u00e9s, en nombre del gobierno y el pueblo chinos [&hellip;]<\/p>\n","protected":false},"author":3,"featured_media":0,"comment_status":"open","ping_status":"open","sticky":false,"template":"","format":"standard","meta":{"footnotes":""},"categories":[23],"tags":[],"class_list":["post-252456","post","type-post","status-publish","format-standard","hentry","category-internacional"],"_links":{"self":[{"href":"https:\/\/diariodominicano.com\/index.php?rest_route=\/wp\/v2\/posts\/252456","targetHints":{"allow":["GET"]}}],"collection":[{"href":"https:\/\/diariodominicano.com\/index.php?rest_route=\/wp\/v2\/posts"}],"about":[{"href":"https:\/\/diariodominicano.com\/index.php?rest_route=\/wp\/v2\/types\/post"}],"author":[{"embeddable":true,"href":"https:\/\/diariodominicano.com\/index.php?rest_route=\/wp\/v2\/users\/3"}],"replies":[{"embeddable":true,"href":"https:\/\/diariodominicano.com\/index.php?rest_route=%2Fwp%2Fv2%2Fcomments&post=252456"}],"version-history":[{"count":0,"href":"https:\/\/diariodominicano.com\/index.php?rest_route=\/wp\/v2\/posts\/252456\/revisions"}],"wp:attachment":[{"href":"https:\/\/diariodominicano.com\/index.php?rest_route=%2Fwp%2Fv2%2Fmedia&parent=252456"}],"wp:term":[{"taxonomy":"category","embeddable":true,"href":"https:\/\/diariodominicano.com\/index.php?rest_route=%2Fwp%2Fv2%2Fcategories&post=252456"},{"taxonomy":"post_tag","embeddable":true,"href":"https:\/\/diariodominicano.com\/index.php?rest_route=%2Fwp%2Fv2%2Ftags&post=252456"}],"curies":[{"name":"wp","href":"https:\/\/api.w.org\/{rel}","templated":true}]}}