{"id":252450,"date":"2015-11-15T00:53:17","date_gmt":"2015-11-15T00:53:17","guid":{"rendered":"http:\/\/diariodominicano.ddns.net\/?p=252450"},"modified":"2015-11-15T00:53:17","modified_gmt":"2015-11-15T00:53:17","slug":"vicecanciller-filipina-saluda-participacion-presidente-chino-en-apec-2015","status":"publish","type":"post","link":"https:\/\/diariodominicano.com\/?p=252450","title":{"rendered":"Vicecanciller filipina saluda participaci\u00f3n presidente chino en APEC 2015"},"content":{"rendered":"<p><body><\/p>\n<p><strong> <\/strong><\/p>\n<p><strong>MANILA, 15 nov (Xinhua) &#8212;<\/strong> La subsecretaria filipina de Asuntos Exteriores, Laura del Rosario, aplaudi\u00f3 hoy la participaci\u00f3n del presidente chino, Xi Jinping, en la reuni\u00f3n de L\u00edderes del Foro de Cooperaci\u00f3n Econ\u00f3mica Asia-Pac\u00edfico (APEC) y dijo que su visita es un acto simb\u00f3lico para reforzar los lazos bilaterales.<\/p>\n<\/p>\n<p>En una reuni\u00f3n con la prensa, manifest\u00f3 que la asistencia de Xi evidencia que China es uno de los agentes activos del APEC as\u00ed como la importancia del mecanismo de cooperaci\u00f3n econ\u00f3mica multiltateral.<\/p>\n<\/p>\n<p>\u00abEnviar\u00e1 tambi\u00e9n el mensaje a la regi\u00f3n de que estamos trabajando como un equipo para enfrentar nuestras preocupaciones comunes econ\u00f3micas y de seguridad\u00bb, dijo.<\/p>\n<\/p>\n<p>Previamente a sus declaraciones, el ministro de Asuntos Extriores chino, Wang Yi, afirm\u00f3 el martes que China desea que la inminente reuni\u00f3n de l\u00edderes sea un \u00e9xito y que est\u00e1 dispuesta a ofrecer a Filipinas, pa\u00eds anfitri\u00f3n de turno, todo el apoyo necesario.<\/p>\n<\/p>\n<p>El canciller chino a\u00f1adi\u00f3 que los l\u00edderes filipinos trasladaron su c\u00e1lida agocida a la prevista presencia de Xi y consideraron que su visita es el apoyo m\u00e1s importante para el anfitri\u00f3n.<\/p>\n<\/p>\n<p>Rosario subray\u00f3 tambi\u00e9n que Filipinas reforzar\u00e1 las medidas de seguridad para la reuni\u00f3n, con el tel\u00f3n de fondo de los mortales ataques terroristas del viernes en Par\u00eds, pero declin\u00f3 ofrecer m\u00e1s detalles.<\/p>\n<h6> 2015-11-15 00:53:17 <\/h6>\n<p><!--\n<link rel=\"stylesheet\" href=\"css\/bootstrap.min.css\">\n\n\n<ul class=\"pagination\">\n\t    \n\t\n\n<li >\n\t<a href='?page_no=22094'>Previous<\/a>\n\t<\/li>\n\n\n       \n    \n\n<li><a href='?page_no=1'>1<\/a><\/li>\n\n\n\n<li><a href='?page_no=2'>2<\/a><\/li>\n\n\n\n<li><a>...<\/a><\/li>\n\n\n\n<li><a href='?page_no=22093'>22093<\/a><\/li>\n\n\n\n<li><a href='?page_no=22094'>22094<\/a><\/li>\n\n\n\n<li class='active'><a>22095<\/a><\/li>\n\n\n\n<li><a href='?page_no=22096'>22096<\/a><\/li>\n\n\n\n<li><a href='?page_no=22097'>22097<\/a><\/li>\n\n\n\n<li><a>...<\/a><\/li>\n\n\n\n<li><a href='?page_no=51012'>51012<\/a><\/li>\n\n\n\n<li><a href='?page_no=51013'>51013<\/a><\/li>\n\n    \n\t\n\n<li >\n\t<a href='?page_no=22096'>Next<\/a>\n\t<\/li>\n\n\n    \n\n<li><a href='?page_no=51013'>Last &rsaquo;&rsaquo;<\/a><\/li>\n\n<\/ul>\n\n\n--><br \/>\n<\/body><\/p>\n","protected":false},"excerpt":{"rendered":"<p>MANILA, 15 nov (Xinhua) &#8212; La subsecretaria filipina de Asuntos Exteriores, Laura del Rosario, aplaudi\u00f3 hoy la participaci\u00f3n del presidente chino, Xi Jinping, en la reuni\u00f3n de L\u00edderes del Foro de Cooperaci\u00f3n Econ\u00f3mica Asia-Pac\u00edfico (APEC) y dijo que su visita es un acto simb\u00f3lico para reforzar los lazos bilaterales. En una reuni\u00f3n con la prensa, [&hellip;]<\/p>\n","protected":false},"author":3,"featured_media":0,"comment_status":"open","ping_status":"open","sticky":false,"template":"","format":"standard","meta":{"footnotes":""},"categories":[23],"tags":[],"class_list":["post-252450","post","type-post","status-publish","format-standard","hentry","category-internacional"],"_links":{"self":[{"href":"https:\/\/diariodominicano.com\/index.php?rest_route=\/wp\/v2\/posts\/252450","targetHints":{"allow":["GET"]}}],"collection":[{"href":"https:\/\/diariodominicano.com\/index.php?rest_route=\/wp\/v2\/posts"}],"about":[{"href":"https:\/\/diariodominicano.com\/index.php?rest_route=\/wp\/v2\/types\/post"}],"author":[{"embeddable":true,"href":"https:\/\/diariodominicano.com\/index.php?rest_route=\/wp\/v2\/users\/3"}],"replies":[{"embeddable":true,"href":"https:\/\/diariodominicano.com\/index.php?rest_route=%2Fwp%2Fv2%2Fcomments&post=252450"}],"version-history":[{"count":0,"href":"https:\/\/diariodominicano.com\/index.php?rest_route=\/wp\/v2\/posts\/252450\/revisions"}],"wp:attachment":[{"href":"https:\/\/diariodominicano.com\/index.php?rest_route=%2Fwp%2Fv2%2Fmedia&parent=252450"}],"wp:term":[{"taxonomy":"category","embeddable":true,"href":"https:\/\/diariodominicano.com\/index.php?rest_route=%2Fwp%2Fv2%2Fcategories&post=252450"},{"taxonomy":"post_tag","embeddable":true,"href":"https:\/\/diariodominicano.com\/index.php?rest_route=%2Fwp%2Fv2%2Ftags&post=252450"}],"curies":[{"name":"wp","href":"https:\/\/api.w.org\/{rel}","templated":true}]}}