{"id":252446,"date":"2015-11-15T09:04:26","date_gmt":"2015-11-15T09:04:26","guid":{"rendered":"http:\/\/diariodominicano.ddns.net\/?p=252446"},"modified":"2015-11-15T09:04:26","modified_gmt":"2015-11-15T09:04:26","slug":"papa-francisco-utilizar-el-nombre-de-dios-para-justificar-este-camino-es-una-blasfemia","status":"publish","type":"post","link":"https:\/\/diariodominicano.com\/?p=252446","title":{"rendered":"Papa Francisco: \u00abutilizar el nombre de Dios para justificar este camino es una blasfemia\u00bb"},"content":{"rendered":"<p><body><\/p>\n<p><img decoding=\"async\" src=\"img3\/papafrancisco.jpg\" \/>  <\/p>\n<p><span class=\"text1noticias\">Roma, 15 nov (PL) El papa Francisco reiter\u00f3 su profundo dolor por los atentados ocurridos en Par\u00eds y asegur\u00f3 que la violencia y el odio no resolver\u00e1n los problemas de la humanidad.<\/span><\/p>\n<\/p>\n<p><span class=\"text1noticias\">Ante miles de personas congregadas en la plaza San Pedro, del Vaticano, el Sumo Pont\u00edfice conden\u00f3 la barbarie de los hechos registrados el viernes en la noche, que dejaron m\u00e1s de 300 heridos.<\/span><\/p>\n<\/p>\n<p><span class=\"text1noticias\">\u00abTanta barbarie nos deja consternados y nos hace preguntarnos c\u00f3mo el coraz\u00f3n del hombre puede idear y realizar actos tan horribles, que han asolado no solamente a Francia sino tambi\u00e9n al mundo entero\u00bb, estim\u00f3.<\/span><\/p>\n<\/p>\n<p><span class=\"text1noticias\">El primer papa latinoamericano asever\u00f3 adem\u00e1s que \u00abutilizar el nombre de Dios para justificar este camino es una blasfemia!\u00bb.<\/span><\/p>\n<\/p>\n<p><span class=\"text1noticias\">Francisco envi\u00f3 una vez m\u00e1s sus condolencias a Francia, como ya hizo ayer en un mensaje en el cual se declar\u00f3 consternado, y realiz\u00f3 una menci\u00f3n especial a los familiares de las v\u00edctimas y a los heridos.<\/span><\/p>\n<\/p>\n<p><span class=\"text1noticias\">En la comunicaci\u00f3n de la v\u00edspera, el jefe de la Iglesia cat\u00f3lica opin\u00f3 que \u00abno hay justificaciones para estas cosas\u00bb<\/span>.<\/p>\n<h6> 2015-11-15 09:04:26 <\/h6>\n<p><!--\n<link rel=\"stylesheet\" href=\"css\/bootstrap.min.css\">\n\n\n<ul class=\"pagination\">\n\t    \n\t\n\n<li >\n\t<a href='?page_no=22090'>Previous<\/a>\n\t<\/li>\n\n\n       \n    \n\n<li><a href='?page_no=1'>1<\/a><\/li>\n\n\n\n<li><a href='?page_no=2'>2<\/a><\/li>\n\n\n\n<li><a>...<\/a><\/li>\n\n\n\n<li><a href='?page_no=22089'>22089<\/a><\/li>\n\n\n\n<li><a href='?page_no=22090'>22090<\/a><\/li>\n\n\n\n<li class='active'><a>22091<\/a><\/li>\n\n\n\n<li><a href='?page_no=22092'>22092<\/a><\/li>\n\n\n\n<li><a href='?page_no=22093'>22093<\/a><\/li>\n\n\n\n<li><a>...<\/a><\/li>\n\n\n\n<li><a href='?page_no=51012'>51012<\/a><\/li>\n\n\n\n<li><a href='?page_no=51013'>51013<\/a><\/li>\n\n    \n\t\n\n<li >\n\t<a href='?page_no=22092'>Next<\/a>\n\t<\/li>\n\n\n    \n\n<li><a href='?page_no=51013'>Last &rsaquo;&rsaquo;<\/a><\/li>\n\n<\/ul>\n\n\n--><br \/>\n<\/body><\/p>\n","protected":false},"excerpt":{"rendered":"<p>Roma, 15 nov (PL) El papa Francisco reiter\u00f3 su profundo dolor por los atentados ocurridos en Par\u00eds y asegur\u00f3 que la violencia y el odio no resolver\u00e1n los problemas de la humanidad. Ante miles de personas congregadas en la plaza San Pedro, del Vaticano, el Sumo Pont\u00edfice conden\u00f3 la barbarie de los hechos registrados el [&hellip;]<\/p>\n","protected":false},"author":3,"featured_media":0,"comment_status":"open","ping_status":"open","sticky":false,"template":"","format":"standard","meta":{"footnotes":""},"categories":[23],"tags":[],"class_list":["post-252446","post","type-post","status-publish","format-standard","hentry","category-internacional"],"_links":{"self":[{"href":"https:\/\/diariodominicano.com\/index.php?rest_route=\/wp\/v2\/posts\/252446","targetHints":{"allow":["GET"]}}],"collection":[{"href":"https:\/\/diariodominicano.com\/index.php?rest_route=\/wp\/v2\/posts"}],"about":[{"href":"https:\/\/diariodominicano.com\/index.php?rest_route=\/wp\/v2\/types\/post"}],"author":[{"embeddable":true,"href":"https:\/\/diariodominicano.com\/index.php?rest_route=\/wp\/v2\/users\/3"}],"replies":[{"embeddable":true,"href":"https:\/\/diariodominicano.com\/index.php?rest_route=%2Fwp%2Fv2%2Fcomments&post=252446"}],"version-history":[{"count":0,"href":"https:\/\/diariodominicano.com\/index.php?rest_route=\/wp\/v2\/posts\/252446\/revisions"}],"wp:attachment":[{"href":"https:\/\/diariodominicano.com\/index.php?rest_route=%2Fwp%2Fv2%2Fmedia&parent=252446"}],"wp:term":[{"taxonomy":"category","embeddable":true,"href":"https:\/\/diariodominicano.com\/index.php?rest_route=%2Fwp%2Fv2%2Fcategories&post=252446"},{"taxonomy":"post_tag","embeddable":true,"href":"https:\/\/diariodominicano.com\/index.php?rest_route=%2Fwp%2Fv2%2Ftags&post=252446"}],"curies":[{"name":"wp","href":"https:\/\/api.w.org\/{rel}","templated":true}]}}