{"id":252439,"date":"2015-11-15T17:35:01","date_gmt":"2015-11-15T17:35:01","guid":{"rendered":"http:\/\/diariodominicano.ddns.net\/?p=252439"},"modified":"2015-11-15T17:35:01","modified_gmt":"2015-11-15T17:35:01","slug":"comienza-cumbre-del-g20-en-turquia-xi-expondra-vision-china","status":"publish","type":"post","link":"https:\/\/diariodominicano.com\/?p=252439","title":{"rendered":"Comienza cumbre del G20 en Turqu\u00eda, Xi expondr\u00e1 visi\u00f3n china"},"content":{"rendered":"<p><body><\/p>\n<p><img decoding=\"async\" src=\"img3\/134818577_14475974880611n.jpg\" \/>  <\/p>\n<p><strong> En la X cumbre del Grupo de las Veinte principales econom\u00edas mundiales, o G20, que comenz\u00f3 hoy aqu\u00ed, el presidente chino, Xi Jinping, y otros l\u00edderes mundiales buscar\u00e1n medidas para impulsar el crecimiento econ\u00f3mico global.<\/strong><\/p>\n<\/p>\n<p>ANTALYA, Turqu\u00eda, 15 nov (Xinhua) &#8212; En la X cumbre del Grupo de las Veinte principales econom\u00edas mundiales, o G20, que comenz\u00f3 hoy aqu\u00ed, el presidente chino, Xi Jinping, y otros l\u00edderes mundiales buscar\u00e1n medidas para impulsar el crecimiento econ\u00f3mico global.<\/p>\n<\/p>\n<p>Durante la reuni\u00f3n de dos d\u00edas, Xi, timonel de la segunda mayor econom\u00eda del mundo, tiene previsto compartir sus puntos de vista sobre c\u00f3mo impulsar el lento crecimiento global y fortalecer la gobernaci\u00f3n econ\u00f3mica global.<\/p>\n<\/p>\n<p>El presidente chino y otros l\u00edderes del G20 discutir\u00e1n el desarrollo y el cambio clim\u00e1tico en un almuerzo de trabajo antes de abordar temas como la econom\u00eda global, las estrategias de desarrollo, el empleo y las estrategias de inversi\u00f3n en la primera sesi\u00f3n de la cumbre.<\/p>\n<\/p>\n<p>El lunes, continuar\u00e1n las discusiones con el enfoque en regulaci\u00f3n financiera, impuestos internacionales, anticorrupci\u00f3n y reforma del Fondo Monetario Internacional en la segunda sesi\u00f3n.<\/p>\n<\/p>\n<p>La reuni\u00f3n de l\u00edderes en Antalya concluir\u00e1 con una presentaci\u00f3n de Xi, cuyo pa\u00eds ocupar\u00e1 la presidencia de turno del G20 en 2016.<\/p>\n<\/p>\n<p>Adem\u00e1s de la cumbre del G20, la agenda de Xi tambi\u00e9n incluye una reuni\u00f3n con otros l\u00edderes del bloque de mercados emergentes, BRICS, integrado por Brasil, Rusia, la India, China y Sud\u00e1frica, y conversaciones con otros l\u00edderes extranjeros.<\/p>\n<\/p>\n<p>El G20, principal foro para la cooperaci\u00f3n econ\u00f3mica y financiera global, representa aproximadamente el 85 por ciento del PIB global, el 80 por ciento del comercio mundial, y dos terceras partes de la poblaci\u00f3n del mundo.<\/p>\n<h6> 2015-11-15 17:35:01 <\/h6>\n<p><!--\n<link rel=\"stylesheet\" href=\"css\/bootstrap.min.css\">\n\n\n<ul class=\"pagination\">\n\t    \n\t\n\n<li >\n\t<a href='?page_no=22083'>Previous<\/a>\n\t<\/li>\n\n\n       \n    \n\n<li><a href='?page_no=1'>1<\/a><\/li>\n\n\n\n<li><a href='?page_no=2'>2<\/a><\/li>\n\n\n\n<li><a>...<\/a><\/li>\n\n\n\n<li><a href='?page_no=22082'>22082<\/a><\/li>\n\n\n\n<li><a href='?page_no=22083'>22083<\/a><\/li>\n\n\n\n<li class='active'><a>22084<\/a><\/li>\n\n\n\n<li><a href='?page_no=22085'>22085<\/a><\/li>\n\n\n\n<li><a href='?page_no=22086'>22086<\/a><\/li>\n\n\n\n<li><a>...<\/a><\/li>\n\n\n\n<li><a href='?page_no=51012'>51012<\/a><\/li>\n\n\n\n<li><a href='?page_no=51013'>51013<\/a><\/li>\n\n    \n\t\n\n<li >\n\t<a href='?page_no=22085'>Next<\/a>\n\t<\/li>\n\n\n    \n\n<li><a href='?page_no=51013'>Last &rsaquo;&rsaquo;<\/a><\/li>\n\n<\/ul>\n\n\n--><br \/>\n<\/body><\/p>\n","protected":false},"excerpt":{"rendered":"<p>En la X cumbre del Grupo de las Veinte principales econom\u00edas mundiales, o G20, que comenz\u00f3 hoy aqu\u00ed, el presidente chino, Xi Jinping, y otros l\u00edderes mundiales buscar\u00e1n medidas para impulsar el crecimiento econ\u00f3mico global. ANTALYA, Turqu\u00eda, 15 nov (Xinhua) &#8212; En la X cumbre del Grupo de las Veinte principales econom\u00edas mundiales, o G20, [&hellip;]<\/p>\n","protected":false},"author":3,"featured_media":0,"comment_status":"open","ping_status":"open","sticky":false,"template":"","format":"standard","meta":{"footnotes":""},"categories":[23],"tags":[],"class_list":["post-252439","post","type-post","status-publish","format-standard","hentry","category-internacional"],"_links":{"self":[{"href":"https:\/\/diariodominicano.com\/index.php?rest_route=\/wp\/v2\/posts\/252439","targetHints":{"allow":["GET"]}}],"collection":[{"href":"https:\/\/diariodominicano.com\/index.php?rest_route=\/wp\/v2\/posts"}],"about":[{"href":"https:\/\/diariodominicano.com\/index.php?rest_route=\/wp\/v2\/types\/post"}],"author":[{"embeddable":true,"href":"https:\/\/diariodominicano.com\/index.php?rest_route=\/wp\/v2\/users\/3"}],"replies":[{"embeddable":true,"href":"https:\/\/diariodominicano.com\/index.php?rest_route=%2Fwp%2Fv2%2Fcomments&post=252439"}],"version-history":[{"count":0,"href":"https:\/\/diariodominicano.com\/index.php?rest_route=\/wp\/v2\/posts\/252439\/revisions"}],"wp:attachment":[{"href":"https:\/\/diariodominicano.com\/index.php?rest_route=%2Fwp%2Fv2%2Fmedia&parent=252439"}],"wp:term":[{"taxonomy":"category","embeddable":true,"href":"https:\/\/diariodominicano.com\/index.php?rest_route=%2Fwp%2Fv2%2Fcategories&post=252439"},{"taxonomy":"post_tag","embeddable":true,"href":"https:\/\/diariodominicano.com\/index.php?rest_route=%2Fwp%2Fv2%2Ftags&post=252439"}],"curies":[{"name":"wp","href":"https:\/\/api.w.org\/{rel}","templated":true}]}}