{"id":252438,"date":"2015-11-15T19:12:06","date_gmt":"2015-11-15T19:12:06","guid":{"rendered":"http:\/\/diariodominicano.ddns.net\/?p=252438"},"modified":"2015-11-15T19:12:06","modified_gmt":"2015-11-15T19:12:06","slug":"diario-del-pueblo-ataques-de-paris-son-evidente-violacion-de-derechos-humanos-y-civilizacion","status":"publish","type":"post","link":"https:\/\/diariodominicano.com\/?p=252438","title":{"rendered":"Diario del Pueblo: Ataques de Par\u00eds son evidente violaci\u00f3n de derechos humanos y civilizaci\u00f3n"},"content":{"rendered":"<p><body><\/p>\n<p>BEIJING, 15 nov (Xinhua) &#8212; El Diario del Pueblo, el peri\u00f3dico insignia del Partido Comunista de China (PCCh), conden\u00f3 los ataques de Par\u00eds en un comentario publicado hoy domingo, indicando que los atentados terroristas contra civiles son una violaci\u00f3n flagrante y extrema de los derechos humanos b\u00e1sicos y la civilizaci\u00f3n.<\/p>\n<\/p>\n<p>El art\u00edculo se\u00f1al\u00f3 que el extremismo y el terrorismo se est\u00e1n propagando por todo el mundo, y los ataques terroristas con numerosas v\u00edctimas civiles se han vuelto m\u00e1s frecuentes, convirti\u00e9ndose en un creciente gran reto al que se enfrenta todo el planeta.<\/p>\n<\/p>\n<p>La paz seguir\u00e1 siendo esquiva hasta que los desequilibrios en el desarrollo global y las inestabilidades pol\u00edticas regionales sean efectivamente abordadas, seg\u00fan el comentario.<\/p>\n<\/p>\n<p>El texto indic\u00f3 que un remedio fundamental para el problema es centrarse en el desarrollo, ayudar que se desarrolle el mundo empobrecido, y amparar a las regiones inestables para que restauren el orden de manera aut\u00f3noma.<\/p>\n<\/p>\n<p>Cualquier forma de radicalismo es peligrosa, de acuerdo con el art\u00edculo, que argument\u00f3 que s\u00f3lo la luz de la paz, el desarrollo y el progreso pueden dispersar la nube del terrorismo.<\/p>\n<\/p>\n<p>El comentario pidi\u00f3 a la comunidad internacional que fortalezca su determinaci\u00f3n y confianza para luchar contra todo tipo de terrorismo e impulse la cooperaci\u00f3n de seguridad para salvaguardar las vidas de la gente de todo el mundo.<\/p>\n<h6> 2015-11-15 19:12:06 <\/h6>\n<p><!--\n<link rel=\"stylesheet\" href=\"css\/bootstrap.min.css\">\n\n\n<ul class=\"pagination\">\n\t    \n\t\n\n<li >\n\t<a href='?page_no=22082'>Previous<\/a>\n\t<\/li>\n\n\n       \n    \n\n<li><a href='?page_no=1'>1<\/a><\/li>\n\n\n\n<li><a href='?page_no=2'>2<\/a><\/li>\n\n\n\n<li><a>...<\/a><\/li>\n\n\n\n<li><a href='?page_no=22081'>22081<\/a><\/li>\n\n\n\n<li><a href='?page_no=22082'>22082<\/a><\/li>\n\n\n\n<li class='active'><a>22083<\/a><\/li>\n\n\n\n<li><a href='?page_no=22084'>22084<\/a><\/li>\n\n\n\n<li><a href='?page_no=22085'>22085<\/a><\/li>\n\n\n\n<li><a>...<\/a><\/li>\n\n\n\n<li><a href='?page_no=51012'>51012<\/a><\/li>\n\n\n\n<li><a href='?page_no=51013'>51013<\/a><\/li>\n\n    \n\t\n\n<li >\n\t<a href='?page_no=22084'>Next<\/a>\n\t<\/li>\n\n\n    \n\n<li><a href='?page_no=51013'>Last &rsaquo;&rsaquo;<\/a><\/li>\n\n<\/ul>\n\n\n--><br \/>\n<\/body><\/p>\n","protected":false},"excerpt":{"rendered":"<p>BEIJING, 15 nov (Xinhua) &#8212; El Diario del Pueblo, el peri\u00f3dico insignia del Partido Comunista de China (PCCh), conden\u00f3 los ataques de Par\u00eds en un comentario publicado hoy domingo, indicando que los atentados terroristas contra civiles son una violaci\u00f3n flagrante y extrema de los derechos humanos b\u00e1sicos y la civilizaci\u00f3n. El art\u00edculo se\u00f1al\u00f3 que el [&hellip;]<\/p>\n","protected":false},"author":3,"featured_media":0,"comment_status":"open","ping_status":"open","sticky":false,"template":"","format":"standard","meta":{"footnotes":""},"categories":[23],"tags":[],"class_list":["post-252438","post","type-post","status-publish","format-standard","hentry","category-internacional"],"_links":{"self":[{"href":"https:\/\/diariodominicano.com\/index.php?rest_route=\/wp\/v2\/posts\/252438","targetHints":{"allow":["GET"]}}],"collection":[{"href":"https:\/\/diariodominicano.com\/index.php?rest_route=\/wp\/v2\/posts"}],"about":[{"href":"https:\/\/diariodominicano.com\/index.php?rest_route=\/wp\/v2\/types\/post"}],"author":[{"embeddable":true,"href":"https:\/\/diariodominicano.com\/index.php?rest_route=\/wp\/v2\/users\/3"}],"replies":[{"embeddable":true,"href":"https:\/\/diariodominicano.com\/index.php?rest_route=%2Fwp%2Fv2%2Fcomments&post=252438"}],"version-history":[{"count":0,"href":"https:\/\/diariodominicano.com\/index.php?rest_route=\/wp\/v2\/posts\/252438\/revisions"}],"wp:attachment":[{"href":"https:\/\/diariodominicano.com\/index.php?rest_route=%2Fwp%2Fv2%2Fmedia&parent=252438"}],"wp:term":[{"taxonomy":"category","embeddable":true,"href":"https:\/\/diariodominicano.com\/index.php?rest_route=%2Fwp%2Fv2%2Fcategories&post=252438"},{"taxonomy":"post_tag","embeddable":true,"href":"https:\/\/diariodominicano.com\/index.php?rest_route=%2Fwp%2Fv2%2Ftags&post=252438"}],"curies":[{"name":"wp","href":"https:\/\/api.w.org\/{rel}","templated":true}]}}