{"id":252435,"date":"2015-11-15T20:17:52","date_gmt":"2015-11-15T20:17:52","guid":{"rendered":"http:\/\/diariodominicano.ddns.net\/?p=252435"},"modified":"2015-11-15T20:17:52","modified_gmt":"2015-11-15T20:17:52","slug":"candidatos-presidenciales-de-argentina-protagonizan-inedito-debate","status":"publish","type":"post","link":"https:\/\/diariodominicano.com\/?p=252435","title":{"rendered":"Candidatos presidenciales de Argentina protagonizan in\u00e9dito debate"},"content":{"rendered":"<p><body><\/p>\n<p><img decoding=\"async\" src=\"img3\/argentinat.jpg\" \/><br \/><img decoding=\"async\" src=\"img3\/Argentina.jpg\" \/>  <\/p>\n<p><span class=\"text1noticias\">BUENOS AIRES, 15 nov (Xinhua) &#8212; Los candidatos que buscan la presidencia de Argentina, Daniel Scioli (oficialismo) y Mauricio Macri (oposici\u00f3n), para el per\u00edodo 2015-2019 protagonizaban la noche del domingo, desde las 21 (0000 GMT), un in\u00e9dito debate de ideas, a falta de una semana para el balotaje del domingo 22.<\/span><\/p>\n<p><span class=\"text1noticias\"> <\/span><\/p>\n<p><span class=\"text1noticias\">Desde la organizaci\u00f3n se inform\u00f3 a esta agencia que la iniciativa tiene prevista una duraci\u00f3n de 75 minutos, con cuatro bloques tem\u00e1ticos: Desarrollo Econ\u00f3mico y Humano; Educaci\u00f3n e Infancia; Seguridad y Derechos Humanos, y Fortalecimiento Democr\u00e1tico.<\/span><\/p>\n<p><span class=\"text1noticias\"> <\/span><\/p>\n<p><span class=\"text1noticias\">El debate entre Scioli, gobernador de la provincia de Buenos Aires y representante del oficialista Frente para la Victoria, y Macri, alcalde de Buenos Aires y referente del opositor espacio Cambiemos, ten\u00eda lugar en el Aula Magna de la Facultad de Derecho de la Universidad de Buenos Aires y comenz\u00f3 con un minuto de silencio ante los atentados del viernes en Par\u00eds, Franci<\/span>a.<\/p>\n<h6> 2015-11-15 20:17:52 <\/h6>\n<p><!--\n<link rel=\"stylesheet\" href=\"css\/bootstrap.min.css\">\n\n\n<ul class=\"pagination\">\n\t    \n\t\n\n<li >\n\t<a href='?page_no=22079'>Previous<\/a>\n\t<\/li>\n\n\n       \n    \n\n<li><a href='?page_no=1'>1<\/a><\/li>\n\n\n\n<li><a href='?page_no=2'>2<\/a><\/li>\n\n\n\n<li><a>...<\/a><\/li>\n\n\n\n<li><a href='?page_no=22078'>22078<\/a><\/li>\n\n\n\n<li><a href='?page_no=22079'>22079<\/a><\/li>\n\n\n\n<li class='active'><a>22080<\/a><\/li>\n\n\n\n<li><a href='?page_no=22081'>22081<\/a><\/li>\n\n\n\n<li><a href='?page_no=22082'>22082<\/a><\/li>\n\n\n\n<li><a>...<\/a><\/li>\n\n\n\n<li><a href='?page_no=51012'>51012<\/a><\/li>\n\n\n\n<li><a href='?page_no=51013'>51013<\/a><\/li>\n\n    \n\t\n\n<li >\n\t<a href='?page_no=22081'>Next<\/a>\n\t<\/li>\n\n\n    \n\n<li><a href='?page_no=51013'>Last &rsaquo;&rsaquo;<\/a><\/li>\n\n<\/ul>\n\n\n--><br \/>\n<\/body><\/p>\n","protected":false},"excerpt":{"rendered":"<p>BUENOS AIRES, 15 nov (Xinhua) &#8212; Los candidatos que buscan la presidencia de Argentina, Daniel Scioli (oficialismo) y Mauricio Macri (oposici\u00f3n), para el per\u00edodo 2015-2019 protagonizaban la noche del domingo, desde las 21 (0000 GMT), un in\u00e9dito debate de ideas, a falta de una semana para el balotaje del domingo 22. Desde la organizaci\u00f3n se [&hellip;]<\/p>\n","protected":false},"author":3,"featured_media":0,"comment_status":"open","ping_status":"open","sticky":false,"template":"","format":"standard","meta":{"footnotes":""},"categories":[23],"tags":[],"class_list":["post-252435","post","type-post","status-publish","format-standard","hentry","category-internacional"],"_links":{"self":[{"href":"https:\/\/diariodominicano.com\/index.php?rest_route=\/wp\/v2\/posts\/252435","targetHints":{"allow":["GET"]}}],"collection":[{"href":"https:\/\/diariodominicano.com\/index.php?rest_route=\/wp\/v2\/posts"}],"about":[{"href":"https:\/\/diariodominicano.com\/index.php?rest_route=\/wp\/v2\/types\/post"}],"author":[{"embeddable":true,"href":"https:\/\/diariodominicano.com\/index.php?rest_route=\/wp\/v2\/users\/3"}],"replies":[{"embeddable":true,"href":"https:\/\/diariodominicano.com\/index.php?rest_route=%2Fwp%2Fv2%2Fcomments&post=252435"}],"version-history":[{"count":0,"href":"https:\/\/diariodominicano.com\/index.php?rest_route=\/wp\/v2\/posts\/252435\/revisions"}],"wp:attachment":[{"href":"https:\/\/diariodominicano.com\/index.php?rest_route=%2Fwp%2Fv2%2Fmedia&parent=252435"}],"wp:term":[{"taxonomy":"category","embeddable":true,"href":"https:\/\/diariodominicano.com\/index.php?rest_route=%2Fwp%2Fv2%2Fcategories&post=252435"},{"taxonomy":"post_tag","embeddable":true,"href":"https:\/\/diariodominicano.com\/index.php?rest_route=%2Fwp%2Fv2%2Ftags&post=252435"}],"curies":[{"name":"wp","href":"https:\/\/api.w.org\/{rel}","templated":true}]}}