{"id":252434,"date":"2015-11-15T23:42:51","date_gmt":"2015-11-15T23:42:51","guid":{"rendered":"http:\/\/diariodominicano.ddns.net\/?p=252434"},"modified":"2015-11-15T23:42:51","modified_gmt":"2015-11-15T23:42:51","slug":"ofician-misa-por-victimas-en-notre-dame","status":"publish","type":"post","link":"https:\/\/diariodominicano.com\/?p=252434","title":{"rendered":"Ofician misa por v\u00edctimas en Notre Dame"},"content":{"rendered":"<p><body><\/p>\n<p><img decoding=\"async\" src=\"img3\/134819937_14476351711711n.jpg\" \/><br \/><img decoding=\"async\" src=\"img3\/134819937_14476351708311n.jpg\" \/><br \/><img decoding=\"async\" src=\"img3\/134819937_14476351708851n.jpg\" \/>  <\/p>\n<\/p>\n<p>PARIS, (XINHUA) 15 de Noviembre de 2015.- Una misa fue efectuada en La catedral de Nuestra Se\u00f1ora el 15 de noviembre en honor a las v\u00edctimas en los mortales ataques terroristas del viernes en Par\u00eds. Hasta la fecha los ataques en Par\u00eds han dejado a 129 personas muertas y 352 heridas, de las cuales 99 se encuentran en estado cr\u00edtico.<\/p>\n<\/p>\n<h6> 2015-11-15 23:42:51 <\/h6>\n<p><!--\n<link rel=\"stylesheet\" href=\"css\/bootstrap.min.css\">\n\n\n<ul class=\"pagination\">\n\t    \n\t\n\n<li >\n\t<a href='?page_no=22078'>Previous<\/a>\n\t<\/li>\n\n\n       \n    \n\n<li><a href='?page_no=1'>1<\/a><\/li>\n\n\n\n<li><a href='?page_no=2'>2<\/a><\/li>\n\n\n\n<li><a>...<\/a><\/li>\n\n\n\n<li><a href='?page_no=22077'>22077<\/a><\/li>\n\n\n\n<li><a href='?page_no=22078'>22078<\/a><\/li>\n\n\n\n<li class='active'><a>22079<\/a><\/li>\n\n\n\n<li><a href='?page_no=22080'>22080<\/a><\/li>\n\n\n\n<li><a href='?page_no=22081'>22081<\/a><\/li>\n\n\n\n<li><a>...<\/a><\/li>\n\n\n\n<li><a href='?page_no=51012'>51012<\/a><\/li>\n\n\n\n<li><a href='?page_no=51013'>51013<\/a><\/li>\n\n    \n\t\n\n<li >\n\t<a href='?page_no=22080'>Next<\/a>\n\t<\/li>\n\n\n    \n\n<li><a href='?page_no=51013'>Last &rsaquo;&rsaquo;<\/a><\/li>\n\n<\/ul>\n\n\n--><br \/>\n<\/body><\/p>\n","protected":false},"excerpt":{"rendered":"<p>PARIS, (XINHUA) 15 de Noviembre de 2015.- Una misa fue efectuada en La catedral de Nuestra Se\u00f1ora el 15 de noviembre en honor a las v\u00edctimas en los mortales ataques terroristas del viernes en Par\u00eds. Hasta la fecha los ataques en Par\u00eds han dejado a 129 personas muertas y 352 heridas, de las cuales 99 [&hellip;]<\/p>\n","protected":false},"author":3,"featured_media":0,"comment_status":"open","ping_status":"open","sticky":false,"template":"","format":"standard","meta":{"footnotes":""},"categories":[23],"tags":[],"class_list":["post-252434","post","type-post","status-publish","format-standard","hentry","category-internacional"],"_links":{"self":[{"href":"https:\/\/diariodominicano.com\/index.php?rest_route=\/wp\/v2\/posts\/252434","targetHints":{"allow":["GET"]}}],"collection":[{"href":"https:\/\/diariodominicano.com\/index.php?rest_route=\/wp\/v2\/posts"}],"about":[{"href":"https:\/\/diariodominicano.com\/index.php?rest_route=\/wp\/v2\/types\/post"}],"author":[{"embeddable":true,"href":"https:\/\/diariodominicano.com\/index.php?rest_route=\/wp\/v2\/users\/3"}],"replies":[{"embeddable":true,"href":"https:\/\/diariodominicano.com\/index.php?rest_route=%2Fwp%2Fv2%2Fcomments&post=252434"}],"version-history":[{"count":0,"href":"https:\/\/diariodominicano.com\/index.php?rest_route=\/wp\/v2\/posts\/252434\/revisions"}],"wp:attachment":[{"href":"https:\/\/diariodominicano.com\/index.php?rest_route=%2Fwp%2Fv2%2Fmedia&parent=252434"}],"wp:term":[{"taxonomy":"category","embeddable":true,"href":"https:\/\/diariodominicano.com\/index.php?rest_route=%2Fwp%2Fv2%2Fcategories&post=252434"},{"taxonomy":"post_tag","embeddable":true,"href":"https:\/\/diariodominicano.com\/index.php?rest_route=%2Fwp%2Fv2%2Ftags&post=252434"}],"curies":[{"name":"wp","href":"https:\/\/api.w.org\/{rel}","templated":true}]}}