{"id":252432,"date":"2015-11-16T00:16:40","date_gmt":"2015-11-16T00:16:40","guid":{"rendered":"http:\/\/diariodominicano.ddns.net\/?p=252432"},"modified":"2015-11-16T00:16:40","modified_gmt":"2015-11-16T00:16:40","slug":"combate-a-terrorismo-e-impulso-a-crecimiento-principales-temas-en-g20","status":"publish","type":"post","link":"https:\/\/diariodominicano.com\/?p=252432","title":{"rendered":"Combate a terrorismo e impulso a crecimiento, principales temas en G20"},"content":{"rendered":"<p><body><\/p>\n<p><img decoding=\"async\" src=\"img3\/134819144_14476403646121n.jpg\" \/>  <\/p>\n<p><strong> ANTALYA, Turqu\u00eda, 15 nov (Xinhua) &#8212; <\/strong>El presidente de Turqu\u00eda, Recep Tayyip Erdogan, exhort\u00f3 hoy a los l\u00edderes del G20 a enfocarse en estrategias de crecimiento durante su cumbre en el centro tur\u00edstico de Antalya, en la costa turca.<\/p>\n<\/p>\n<p>Erdogan inici\u00f3 su discurso en la primera sesi\u00f3n de trabajo de la cumbre empez\u00f3 con un minuto de silencio en memoria de las v\u00edctimas de los recientes ataques terroristas perpetrados en Ankara y Par\u00eds.<\/p>\n<\/p>\n<p>\u00abExiste un fuerte v\u00ednculo entre la econom\u00eda y la seguridad y no podemos descuidar estas conexiones\u00bb, dijo Erdogan.<\/p>\n<\/p>\n<p>Aunque el econ\u00f3mico es el principal \u00e1mbito de inter\u00e9s para el G20, no puede apartarse de los problemas pol\u00edticos, sociales o culturales y nunca es independiente de la vida humana, a\u00f1adi\u00f3 Erdogan.<\/p>\n<\/p>\n<p>\u00abA pesar de todas las medidas tomadas, por desgracia no hemos visto un fuerte desempe\u00f1o econ\u00f3mico mundial a un nivel deseable\u00bb, a\u00f1adi\u00f3.<\/p>\n<\/p>\n<p>A inicios de noviembre, la Organizaci\u00f3n para la Cooperaci\u00f3n y el Desarrollo Econ\u00f3micos (OCDE) recortaron su pron\u00f3stico de crecimiento mundial a 2,9 por ciento para este a\u00f1o y a 3,3 por ciento para 2016, en comparaci\u00f3n con los pron\u00f3sticos anteriores de tres por ciento y 3,6 por ciento.<\/p>\n<\/p>\n<p>El Fondo Monetario Internacional (FMI) tambi\u00e9n ha hecho recientemente proyecciones pesimistas similares.<\/p>\n<\/p>\n<p>En la cumbre del a\u00f1o pasado en Brisbane, Australia, el G20 fij\u00f3 un ambicioso objetivo de elevar su producto interno bruto (PIB) en al menos dos por ciento adicional para 2018 y acord\u00f3 medidas para elevar la inversi\u00f3n, el comercio, la competencia y el empleo.<\/p>\n<\/p>\n<p>Sin embargo, Tristram Sainsbury, un importante investigador del Centro de Estudios del G20 en el Instituto de Pol\u00edtica Internacional de Lowy, dijo que la estratega de crecimiento del G20 no est\u00e1 apoyando el crecimiento y se\u00f1al\u00f3 que los miembros del G20 tienen que hacer m\u00e1s para coordinar sus pol\u00edticas a favor del crecimiento.<\/p>\n<\/p>\n<p>Tras asumir el relevo, Turqu\u00eda, pa\u00eds organizador de la cumbre, ha resaltado \u00abtres I\u00bb: inclusividad, implementaci\u00f3n e inversi\u00f3n, para que la agenda del G20 revitalice a la inactiva econom\u00eda mundial.<\/p>\n<\/p>\n<p>En v\u00edsperas de la cumbre, una oleada de ataques terroristas sacudi\u00f3 Par\u00eds, capital de Francia, y dej\u00f3 129 muertos y muchos lesionados m\u00e1s. El grupo militante Estado Isl\u00e1mico se adjudic\u00f3 la responsabilidad.<\/p>\n<\/p>\n<p>El G20 emitir\u00e1 una declaraci\u00f3n sobre el combate al terrorismo en unas horas.<\/p>\n<\/p>\n<p>El Estado Isl\u00e1mico afirm\u00f3 que tambi\u00e9n estuvo detr\u00e1s del incidente ocurrido a un avi\u00f3n ruso de pasajeros el 31 de octubre en el Sina\u00ed, Egipto, y detr\u00e1s de los ataques con bomba perpetrados el jueves pasado en L\u00edbano.<\/p>\n<\/p>\n<p>Turqu\u00eda reforz\u00f3 la seguridad para la cumbre de Antalya y despleg\u00f3 al menos 12.000 elementos de seguridad.<\/p>\n<\/p>\n<p>Una serie de ataques terroristas sacudieron a Turqu\u00eda recientemente, siendo el m\u00e1s letal el llevado a cabo el 10 de octubre en Ankara, el cual dej\u00f3 102 muertos.<\/p>\n<\/p>\n<p>La crisis de refugiados tambi\u00e9n estar\u00e1 incluida en la agenda de la cumbre. Una guerra de cuatro a\u00f1os en Siria se ha propagado y ha obligado a millones de personas a huir a Turqu\u00eda, L\u00edbano y otros pa\u00edses.<\/p>\n<\/p>\n<p>Adem\u00e1s, hoy tambi\u00e9n se realizaron varias reuniones bilaterales y multilaterales al margen de la cumbre.<\/p>\n<\/p>\n<p>Los l\u00edderes de los BRICS prometieron reforzar su asociaci\u00f3n estrat\u00e9gica y su cooperaci\u00f3n en el transcurso de la implementaci\u00f3n de la Agenda 2030 para el Desarrollo Sostenible y salvaguardar los intereses de las econom\u00edas emergentes y de los pa\u00edses en desarrollo.<\/p>\n<\/p>\n<p>El presidente de Estados Unidos, Barack Obama, y el presidente de Rusia, Vladimir Putin, en medio de las disputas por los conflictos en el este de Ucrania y Siria, sostuvieron una reuni\u00f3n de m\u00e1s de 30 minutos. Seg\u00fan informes, los dos l\u00edderes intercambiaron ideas sobre dichos conflictos.<\/p>\n<\/p>\n<p>Obama y Putin se hab\u00edan reunido por \u00faltima vez en septiembre en Nueva York, durante el debate anual de la Asamblea General de la ONU.<\/p>\n<h6> 2015-11-16 00:16:40 <\/h6>\n<p><!--\n<link rel=\"stylesheet\" href=\"css\/bootstrap.min.css\">\n\n\n<ul class=\"pagination\">\n\t    \n\t\n\n<li >\n\t<a href='?page_no=22076'>Previous<\/a>\n\t<\/li>\n\n\n       \n    \n\n<li><a href='?page_no=1'>1<\/a><\/li>\n\n\n\n<li><a href='?page_no=2'>2<\/a><\/li>\n\n\n\n<li><a>...<\/a><\/li>\n\n\n\n<li><a href='?page_no=22075'>22075<\/a><\/li>\n\n\n\n<li><a href='?page_no=22076'>22076<\/a><\/li>\n\n\n\n<li class='active'><a>22077<\/a><\/li>\n\n\n\n<li><a href='?page_no=22078'>22078<\/a><\/li>\n\n\n\n<li><a href='?page_no=22079'>22079<\/a><\/li>\n\n\n\n<li><a>...<\/a><\/li>\n\n\n\n<li><a href='?page_no=51012'>51012<\/a><\/li>\n\n\n\n<li><a href='?page_no=51013'>51013<\/a><\/li>\n\n    \n\t\n\n<li >\n\t<a href='?page_no=22078'>Next<\/a>\n\t<\/li>\n\n\n    \n\n<li><a href='?page_no=51013'>Last &rsaquo;&rsaquo;<\/a><\/li>\n\n<\/ul>\n\n\n--><br \/>\n<\/body><\/p>\n","protected":false},"excerpt":{"rendered":"<p>ANTALYA, Turqu\u00eda, 15 nov (Xinhua) &#8212; El presidente de Turqu\u00eda, Recep Tayyip Erdogan, exhort\u00f3 hoy a los l\u00edderes del G20 a enfocarse en estrategias de crecimiento durante su cumbre en el centro tur\u00edstico de Antalya, en la costa turca. Erdogan inici\u00f3 su discurso en la primera sesi\u00f3n de trabajo de la cumbre empez\u00f3 con un [&hellip;]<\/p>\n","protected":false},"author":3,"featured_media":0,"comment_status":"open","ping_status":"open","sticky":false,"template":"","format":"standard","meta":{"footnotes":""},"categories":[23],"tags":[],"class_list":["post-252432","post","type-post","status-publish","format-standard","hentry","category-internacional"],"_links":{"self":[{"href":"https:\/\/diariodominicano.com\/index.php?rest_route=\/wp\/v2\/posts\/252432","targetHints":{"allow":["GET"]}}],"collection":[{"href":"https:\/\/diariodominicano.com\/index.php?rest_route=\/wp\/v2\/posts"}],"about":[{"href":"https:\/\/diariodominicano.com\/index.php?rest_route=\/wp\/v2\/types\/post"}],"author":[{"embeddable":true,"href":"https:\/\/diariodominicano.com\/index.php?rest_route=\/wp\/v2\/users\/3"}],"replies":[{"embeddable":true,"href":"https:\/\/diariodominicano.com\/index.php?rest_route=%2Fwp%2Fv2%2Fcomments&post=252432"}],"version-history":[{"count":0,"href":"https:\/\/diariodominicano.com\/index.php?rest_route=\/wp\/v2\/posts\/252432\/revisions"}],"wp:attachment":[{"href":"https:\/\/diariodominicano.com\/index.php?rest_route=%2Fwp%2Fv2%2Fmedia&parent=252432"}],"wp:term":[{"taxonomy":"category","embeddable":true,"href":"https:\/\/diariodominicano.com\/index.php?rest_route=%2Fwp%2Fv2%2Fcategories&post=252432"},{"taxonomy":"post_tag","embeddable":true,"href":"https:\/\/diariodominicano.com\/index.php?rest_route=%2Fwp%2Fv2%2Ftags&post=252432"}],"curies":[{"name":"wp","href":"https:\/\/api.w.org\/{rel}","templated":true}]}}