{"id":252430,"date":"2015-11-16T12:14:20","date_gmt":"2015-11-16T12:14:20","guid":{"rendered":"http:\/\/diariodominicano.ddns.net\/?p=252430"},"modified":"2015-11-16T12:14:20","modified_gmt":"2015-11-16T12:14:20","slug":"francia-intensificara-sus-acciones-militares-en-siria","status":"publish","type":"post","link":"https:\/\/diariodominicano.com\/?p=252430","title":{"rendered":"Francia intensificar\u00e1 sus acciones militares en Siria"},"content":{"rendered":"<p><body><\/p>\n<p><img decoding=\"async\" src=\"img3\/holla 16.jpg\" \/>  <\/p>\n<p>Par\u00eds, Francia, 16 noviembre (PL) El presidente franc\u00e9s, Fran\u00e7ois Hollande, anunci\u00f3 hoy que su pa\u00eds intensificar\u00e1 las acciones militares en Siria en las pr\u00f3ximas semanas, durante un discurso ante el Parlamento a tres d\u00edas de los atentados en esta capital.<\/p>\n<\/p>\n<p>Ayer di la orden a 10 cazabombarderos de golpear duramente las instalaciones de Daesh -acr\u00f3nimo \u00e1rabe del Estado Isl\u00e1mico (EI)-, explic\u00f3 en referencia a los ataques efectuados en la ciudad de Raqqa (este de Siria).<\/p>\n<\/p>\n<p>Hollande detall\u00f3 que el portaaviones Charles de Gaulle zarpar\u00e1 el jueves pr\u00f3ximo para dirigirse al Mediterr\u00e1neo oriental \u00abcon el fin de triplicar nuestras capacidades de acci\u00f3n\u00bb.<\/p>\n<\/p>\n<p>Insisti\u00f3 en que en esa naci\u00f3n \u00e1rabe busca una soluci\u00f3n pol\u00edtica en la que no puede ser una salida Bashar al-Assad (presidente democr\u00e1ticamente elegido cuya legitimidad Par\u00eds se reh\u00fasa a reconocer). Asimismo, recalc\u00f3 que \u00abnuestro enemigo en Siria es Daesh\u00bb.<\/p>\n<\/p>\n<p>Francia est\u00e1 en guerra. Los actos cometidos en el pasado viernes son actos de guerra. Constituyen una agresi\u00f3n contra nuestro pa\u00eds, sus valores, su juventud, su modo de vida. Los mismos fueron perpetrados por ese ej\u00e9rcito yihadista, al cual combatimos, expres\u00f3.<\/p>\n<\/p>\n<p>El mandatario se\u00f1al\u00f3 que esa organizaci\u00f3n afect\u00f3 a varios pa\u00edses. Cada d\u00eda masacra a las poblaciones y por eso, \u00abdestruirla concierne a toda la comunidad internacional\u00bb.<\/p>\n<\/p>\n<p>A\u00f1adi\u00f3 que pidi\u00f3 al Consejo de Seguridad de Naciones Unidas reunirse para adoptar una resoluci\u00f3n para destruir al EI.<\/p>\n<\/p>\n<p>Es necesario agruparse en el contexto de una gran y \u00fanica coalici\u00f3n, apunt\u00f3 al tiempo que adelant\u00f3 que se encontrar\u00e1 pr\u00f3ximamente con el presidente de Rusia, Vladimir Putin, y el de Estados Unidos, Barack Obama, para tratar de juntar fuerzas.<\/p>\n<\/p>\n<p>Por otra parte, el jefe de Estado agreg\u00f3 que en la venidera cumbre de ministros del Interior de la Uni\u00f3n Europa (UE), Francia abogar\u00e1 por una protecci\u00f3n efectiva de las fronteras exteriores.<\/p>\n<\/p>\n<p>Si Europa no las controla, significar\u00e1 el retorno a las fronteras nacionales y la deconstrucci\u00f3n de la UE.<\/p>\n<\/p>\n<p>Ped\u00ed al ministro de la Defensa Jean Yves Le Drian movilizar a sus hom\u00f3logos europeos en virtud del art\u00edculo 42.7 de la Uni\u00f3n, el cual prev\u00e9 que cuando un Estado es agredido, todos los Estados miembros deben brindarle apoyo. Ese enemigo -el EI- es el enemigo de toda Europa y el tema de los refugiados est\u00e1 directamente relacionado con la guerra en Siria y en Iraq.<\/p>\n<\/p>\n<p>Desde el pasado 8 de septiembre, el gobierno franc\u00e9s anunci\u00f3 el comienzo de vuelos de reconocimiento en la naci\u00f3n levantina, en l\u00ednea con las acciones de la coalici\u00f3n internacional comandada por Estados Unidos y con el alegado objetivo de atacar posiciones del mencionado grupo terrorista en ese pa\u00eds.<\/p>\n<\/p>\n<p>El 27 de septiembre, Par\u00eds inici\u00f3 los bombardeos pese a que Damasco ha acusado reiteradamente al pa\u00eds galo, Reino Unido y Australia de violar la Carta de la Naciones Unidas, por lo que exige que esos gobiernos respeten su soberan\u00eda e integridad territorial.<\/p>\n<h6> 2015-11-16 12:14:20 <\/h6>\n<p><!--\n<link rel=\"stylesheet\" href=\"css\/bootstrap.min.css\">\n\n\n<ul class=\"pagination\">\n\t    \n\t\n\n<li >\n\t<a href='?page_no=22074'>Previous<\/a>\n\t<\/li>\n\n\n       \n    \n\n<li><a href='?page_no=1'>1<\/a><\/li>\n\n\n\n<li><a href='?page_no=2'>2<\/a><\/li>\n\n\n\n<li><a>...<\/a><\/li>\n\n\n\n<li><a href='?page_no=22073'>22073<\/a><\/li>\n\n\n\n<li><a href='?page_no=22074'>22074<\/a><\/li>\n\n\n\n<li class='active'><a>22075<\/a><\/li>\n\n\n\n<li><a href='?page_no=22076'>22076<\/a><\/li>\n\n\n\n<li><a href='?page_no=22077'>22077<\/a><\/li>\n\n\n\n<li><a>...<\/a><\/li>\n\n\n\n<li><a href='?page_no=51012'>51012<\/a><\/li>\n\n\n\n<li><a href='?page_no=51013'>51013<\/a><\/li>\n\n    \n\t\n\n<li >\n\t<a href='?page_no=22076'>Next<\/a>\n\t<\/li>\n\n\n    \n\n<li><a href='?page_no=51013'>Last &rsaquo;&rsaquo;<\/a><\/li>\n\n<\/ul>\n\n\n--><br \/>\n<\/body><\/p>\n","protected":false},"excerpt":{"rendered":"<p>Par\u00eds, Francia, 16 noviembre (PL) El presidente franc\u00e9s, Fran\u00e7ois Hollande, anunci\u00f3 hoy que su pa\u00eds intensificar\u00e1 las acciones militares en Siria en las pr\u00f3ximas semanas, durante un discurso ante el Parlamento a tres d\u00edas de los atentados en esta capital. Ayer di la orden a 10 cazabombarderos de golpear duramente las instalaciones de Daesh -acr\u00f3nimo [&hellip;]<\/p>\n","protected":false},"author":3,"featured_media":0,"comment_status":"open","ping_status":"open","sticky":false,"template":"","format":"standard","meta":{"footnotes":""},"categories":[23],"tags":[],"class_list":["post-252430","post","type-post","status-publish","format-standard","hentry","category-internacional"],"_links":{"self":[{"href":"https:\/\/diariodominicano.com\/index.php?rest_route=\/wp\/v2\/posts\/252430","targetHints":{"allow":["GET"]}}],"collection":[{"href":"https:\/\/diariodominicano.com\/index.php?rest_route=\/wp\/v2\/posts"}],"about":[{"href":"https:\/\/diariodominicano.com\/index.php?rest_route=\/wp\/v2\/types\/post"}],"author":[{"embeddable":true,"href":"https:\/\/diariodominicano.com\/index.php?rest_route=\/wp\/v2\/users\/3"}],"replies":[{"embeddable":true,"href":"https:\/\/diariodominicano.com\/index.php?rest_route=%2Fwp%2Fv2%2Fcomments&post=252430"}],"version-history":[{"count":0,"href":"https:\/\/diariodominicano.com\/index.php?rest_route=\/wp\/v2\/posts\/252430\/revisions"}],"wp:attachment":[{"href":"https:\/\/diariodominicano.com\/index.php?rest_route=%2Fwp%2Fv2%2Fmedia&parent=252430"}],"wp:term":[{"taxonomy":"category","embeddable":true,"href":"https:\/\/diariodominicano.com\/index.php?rest_route=%2Fwp%2Fv2%2Fcategories&post=252430"},{"taxonomy":"post_tag","embeddable":true,"href":"https:\/\/diariodominicano.com\/index.php?rest_route=%2Fwp%2Fv2%2Ftags&post=252430"}],"curies":[{"name":"wp","href":"https:\/\/api.w.org\/{rel}","templated":true}]}}