{"id":252427,"date":"2015-11-16T12:47:09","date_gmt":"2015-11-16T12:47:09","guid":{"rendered":"http:\/\/diariodominicano.ddns.net\/?p=252427"},"modified":"2015-11-16T12:47:09","modified_gmt":"2015-11-16T12:47:09","slug":"onu-llama-a-la-tolerancia-en-un-mundo-turbulento","status":"publish","type":"post","link":"https:\/\/diariodominicano.com\/?p=252427","title":{"rendered":"ONU llama a la tolerancia en un mundo turbulento"},"content":{"rendered":"<p><body><\/p>\n<p><img decoding=\"async\" src=\"img3\/ban-ki-moon.jpg\" \/>  <\/p>\n<p><span class=\"text1noticias\">  <\/span><\/p>\n<p><span class=\"text1noticias\">Naciones Unidas, 16 nov (PL) El secretario general de la ONU, Ban Ki-moon, llam\u00f3 hoy en el D\u00eda Internacional de la Tolerancia a la convivencia pac\u00edfica entre las personas, por encima de las divisiones y diferencias.<\/span><\/p>\n<\/p>\n<p><span class=\"text1noticias\">Apelamos al di\u00e1logo, la cohesi\u00f3n social y el entendimiento mutuo, en un mundo en el que representan una amenaza quienes promueven la divisi\u00f3n, afirm\u00f3 en su mensaje por la fecha, fijada en 1996 por la Asamblea General de Naciones Unidas.<\/span><\/p>\n<\/p>\n<p><span class=\"text1noticias\">De acuerdo con Ban, la tolerancia es \u00abmucho m\u00e1s que aceptar pasivamente a los otros, se trata de la obligaci\u00f3n de actuar, de ense\u00f1arla, alimentarla y defenderla\u00bb.<\/span><\/p>\n<\/p>\n<p><span class=\"text1noticias\">La pr\u00e1ctica de este concepto acompa\u00f1a a la ONU desde su fundaci\u00f3n hace 70 a\u00f1os, y en estos tiempos de turbulencia y cambios mantiene su plena vigencia, insisti\u00f3.<\/span><\/p>\n<\/p>\n<p><span class=\"text1noticias\">Seg\u00fan el Secretario General, en el actual escenario global, aumenta la intolerancia en muchas partes, expresada en conflictos, tensiones sectarias y extremismo violento, que han llevado a la mayor crisis de desplazamientos humanos desde la Segunda Guerra Mundial (1939-1945).<\/span><\/p>\n<\/p>\n<p><span class=\"text1noticias\">Al respecto, inst\u00f3 a los gobiernos a invertir en la educaci\u00f3n, la inclusi\u00f3n y las oportunidades, para construir sociedades basadas en el respeto a los derechos humanos, donde el miedo, la desconfianza y la marginalizaci\u00f3n sean reemplazados por el pluralismo y el respeto a las diferencias.<\/span><\/p>\n<\/p>\n<p><span class=\"text1noticias\">El establecimiento del D\u00eda Internacional de la Tolerancia por la Asamblea, sigui\u00f3 a la celebraci\u00f3n en 1995 del A\u00f1o de Naciones Unidas para la Tolerancia, promovido por la Unesco.<\/span><\/p>\n<h6> 2015-11-16 12:47:09 <\/h6>\n<p><!--\n<link rel=\"stylesheet\" href=\"css\/bootstrap.min.css\">\n\n\n<ul class=\"pagination\">\n\t    \n\t\n\n<li >\n\t<a href='?page_no=22071'>Previous<\/a>\n\t<\/li>\n\n\n       \n    \n\n<li><a href='?page_no=1'>1<\/a><\/li>\n\n\n\n<li><a href='?page_no=2'>2<\/a><\/li>\n\n\n\n<li><a>...<\/a><\/li>\n\n\n\n<li><a href='?page_no=22070'>22070<\/a><\/li>\n\n\n\n<li><a href='?page_no=22071'>22071<\/a><\/li>\n\n\n\n<li class='active'><a>22072<\/a><\/li>\n\n\n\n<li><a href='?page_no=22073'>22073<\/a><\/li>\n\n\n\n<li><a href='?page_no=22074'>22074<\/a><\/li>\n\n\n\n<li><a>...<\/a><\/li>\n\n\n\n<li><a href='?page_no=51012'>51012<\/a><\/li>\n\n\n\n<li><a href='?page_no=51013'>51013<\/a><\/li>\n\n    \n\t\n\n<li >\n\t<a href='?page_no=22073'>Next<\/a>\n\t<\/li>\n\n\n    \n\n<li><a href='?page_no=51013'>Last &rsaquo;&rsaquo;<\/a><\/li>\n\n<\/ul>\n\n\n--><br \/>\n<\/body><\/p>\n","protected":false},"excerpt":{"rendered":"<p>Naciones Unidas, 16 nov (PL) El secretario general de la ONU, Ban Ki-moon, llam\u00f3 hoy en el D\u00eda Internacional de la Tolerancia a la convivencia pac\u00edfica entre las personas, por encima de las divisiones y diferencias. Apelamos al di\u00e1logo, la cohesi\u00f3n social y el entendimiento mutuo, en un mundo en el que representan una amenaza [&hellip;]<\/p>\n","protected":false},"author":3,"featured_media":0,"comment_status":"open","ping_status":"open","sticky":false,"template":"","format":"standard","meta":{"footnotes":""},"categories":[23],"tags":[],"class_list":["post-252427","post","type-post","status-publish","format-standard","hentry","category-internacional"],"_links":{"self":[{"href":"https:\/\/diariodominicano.com\/index.php?rest_route=\/wp\/v2\/posts\/252427","targetHints":{"allow":["GET"]}}],"collection":[{"href":"https:\/\/diariodominicano.com\/index.php?rest_route=\/wp\/v2\/posts"}],"about":[{"href":"https:\/\/diariodominicano.com\/index.php?rest_route=\/wp\/v2\/types\/post"}],"author":[{"embeddable":true,"href":"https:\/\/diariodominicano.com\/index.php?rest_route=\/wp\/v2\/users\/3"}],"replies":[{"embeddable":true,"href":"https:\/\/diariodominicano.com\/index.php?rest_route=%2Fwp%2Fv2%2Fcomments&post=252427"}],"version-history":[{"count":0,"href":"https:\/\/diariodominicano.com\/index.php?rest_route=\/wp\/v2\/posts\/252427\/revisions"}],"wp:attachment":[{"href":"https:\/\/diariodominicano.com\/index.php?rest_route=%2Fwp%2Fv2%2Fmedia&parent=252427"}],"wp:term":[{"taxonomy":"category","embeddable":true,"href":"https:\/\/diariodominicano.com\/index.php?rest_route=%2Fwp%2Fv2%2Fcategories&post=252427"},{"taxonomy":"post_tag","embeddable":true,"href":"https:\/\/diariodominicano.com\/index.php?rest_route=%2Fwp%2Fv2%2Ftags&post=252427"}],"curies":[{"name":"wp","href":"https:\/\/api.w.org\/{rel}","templated":true}]}}