{"id":252424,"date":"2015-11-16T13:08:57","date_gmt":"2015-11-16T13:08:57","guid":{"rendered":"http:\/\/diariodominicano.ddns.net\/?p=252424"},"modified":"2015-11-16T13:08:57","modified_gmt":"2015-11-16T13:08:57","slug":"alertan-sobre-peligro-de-atentado-contra-papa-francisco","status":"publish","type":"post","link":"https:\/\/diariodominicano.com\/?p=252424","title":{"rendered":"&#13;Alertan sobre peligro de atentado contra Papa Francisco"},"content":{"rendered":"<p><body><\/p>\n<p><img decoding=\"async\" src=\"img3\/Papa Francisco.jpg\" \/>  <\/p>\n<p><span class=\"text1noticias\"> <\/span><\/p>\n<\/p>\n<p><span class=\"text1noticias\">Roma, 16 nov (PL) Los peligros de un atentado contra el papa Francisco durante su pr\u00f3xima visita a la Rep\u00fablica Centroafricana (RCA) aumentan tras los recientes ataques registrados en Par\u00eds, alertaron hoy expertos, citados por la prensa capitalina.<\/span><\/p>\n<\/p>\n<p><span class=\"text1noticias\">Varios servicios de seguridad europeos, sobre todo galos, advirtieron sobre una alta posibilidad de una acci\u00f3n violenta contra el Sumo Pont\u00edfice al visitar la RCA el 29 de noviembre pr\u00f3ximo, cuando se espera inaugure una catedral en Bangui, la capital de ese pa\u00eds.<\/span><\/p>\n<\/p>\n<p><span class=\"text1noticias\">Especialistas declararon al diario The Huffington Post que ante las limitadas posibilidades de los \u00f3rganos de seguridad de la RCA, se traslad\u00f3 a Bangui una avanzada de la protecci\u00f3n del Obispo de Roma con el fin de reducir al m\u00ednimo el peligro de un ataque.<\/span><\/p>\n<\/p>\n<p><span class=\"text1noticias\">Las condiciones para evitar un atentado se hacen m\u00e1s dif\u00edciles en Bangui, pues a esa ciudad se espera que acudan cientos de miles de peregrinos de la RCA y naciones vecinas como Sud\u00e1n, Chad, Sud\u00e1n del Sur, Camer\u00fan y Congo, entre otros, destaca el rotativo, citado aqu\u00ed.<\/span><\/p>\n<\/p>\n<p><span class=\"text1noticias\">El primer ministro franc\u00e9s, Manuel Valls, afirm\u00f3 desde Par\u00eds que exist\u00eda una alta posibilidad de ataques contra otras naciones europeas, despu\u00e9s de la serie de atentados del pasado viernes en Par\u00eds, con saldo preliminar de 132 muertos y m\u00e1s de 300 heridos.<\/span><\/p>\n<\/p>\n<p><span class=\"text1noticias\">La prensa italiana tambi\u00e9n se hizo eco de un v\u00eddeo del movimiento terrorista Estado Isl\u00e1mico (EI), en el cual amenaza con repetir acciones como las de la capital gala contra otras naciones occidentales.<\/span><\/p>\n<\/p>\n<p><span class=\"text1noticias\">Vamos a marchar hacia Estados Unidos y actuar en su territorio. Vamos a conquistar Roma, afirma el texto del EI que act\u00faa en Siria desde 2011 y en Iraq desde el verano del pasado a\u00f1o.<\/span><\/p>\n<\/p>\n<p><span class=\"text1noticias\">Damasco acus\u00f3 en varias ocasiones a potencias occidentales, sobre todo Turqu\u00eda, de pertrechar y financiar a formaciones armadas, incluido el EI, con el abierto prop\u00f3sito de derrocar al presidente sirio, Bashar Al Assad.<\/span><\/p>\n<\/p>\n<p><span class=\"text1noticias\">El jefe de la Iglesia cat\u00f3lica demand\u00f3 en varias ocasiones a todas las partes enfrentadas en Siria a buscar una soluci\u00f3n negociada a un conflicto de casi cuatro a\u00f1os y a poner fin al derramamiento de sangre en esa naci\u00f3n levantina.<\/span><\/p>\n<\/p>\n<h6> 2015-11-16 13:08:57 <\/h6>\n<p><!--\n<link rel=\"stylesheet\" href=\"css\/bootstrap.min.css\">\n\n\n<ul class=\"pagination\">\n\t    \n\t\n\n<li >\n\t<a href='?page_no=22068'>Previous<\/a>\n\t<\/li>\n\n\n       \n    \n\n<li><a href='?page_no=1'>1<\/a><\/li>\n\n\n\n<li><a href='?page_no=2'>2<\/a><\/li>\n\n\n\n<li><a>...<\/a><\/li>\n\n\n\n<li><a href='?page_no=22067'>22067<\/a><\/li>\n\n\n\n<li><a href='?page_no=22068'>22068<\/a><\/li>\n\n\n\n<li class='active'><a>22069<\/a><\/li>\n\n\n\n<li><a href='?page_no=22070'>22070<\/a><\/li>\n\n\n\n<li><a href='?page_no=22071'>22071<\/a><\/li>\n\n\n\n<li><a>...<\/a><\/li>\n\n\n\n<li><a href='?page_no=51012'>51012<\/a><\/li>\n\n\n\n<li><a href='?page_no=51013'>51013<\/a><\/li>\n\n    \n\t\n\n<li >\n\t<a href='?page_no=22070'>Next<\/a>\n\t<\/li>\n\n\n    \n\n<li><a href='?page_no=51013'>Last &rsaquo;&rsaquo;<\/a><\/li>\n\n<\/ul>\n\n\n--><br \/>\n<\/body><\/p>\n","protected":false},"excerpt":{"rendered":"<p>Roma, 16 nov (PL) Los peligros de un atentado contra el papa Francisco durante su pr\u00f3xima visita a la Rep\u00fablica Centroafricana (RCA) aumentan tras los recientes ataques registrados en Par\u00eds, alertaron hoy expertos, citados por la prensa capitalina. Varios servicios de seguridad europeos, sobre todo galos, advirtieron sobre una alta posibilidad de una acci\u00f3n violenta [&hellip;]<\/p>\n","protected":false},"author":3,"featured_media":0,"comment_status":"open","ping_status":"open","sticky":false,"template":"","format":"standard","meta":{"footnotes":""},"categories":[23],"tags":[],"class_list":["post-252424","post","type-post","status-publish","format-standard","hentry","category-internacional"],"_links":{"self":[{"href":"https:\/\/diariodominicano.com\/index.php?rest_route=\/wp\/v2\/posts\/252424","targetHints":{"allow":["GET"]}}],"collection":[{"href":"https:\/\/diariodominicano.com\/index.php?rest_route=\/wp\/v2\/posts"}],"about":[{"href":"https:\/\/diariodominicano.com\/index.php?rest_route=\/wp\/v2\/types\/post"}],"author":[{"embeddable":true,"href":"https:\/\/diariodominicano.com\/index.php?rest_route=\/wp\/v2\/users\/3"}],"replies":[{"embeddable":true,"href":"https:\/\/diariodominicano.com\/index.php?rest_route=%2Fwp%2Fv2%2Fcomments&post=252424"}],"version-history":[{"count":0,"href":"https:\/\/diariodominicano.com\/index.php?rest_route=\/wp\/v2\/posts\/252424\/revisions"}],"wp:attachment":[{"href":"https:\/\/diariodominicano.com\/index.php?rest_route=%2Fwp%2Fv2%2Fmedia&parent=252424"}],"wp:term":[{"taxonomy":"category","embeddable":true,"href":"https:\/\/diariodominicano.com\/index.php?rest_route=%2Fwp%2Fv2%2Fcategories&post=252424"},{"taxonomy":"post_tag","embeddable":true,"href":"https:\/\/diariodominicano.com\/index.php?rest_route=%2Fwp%2Fv2%2Ftags&post=252424"}],"curies":[{"name":"wp","href":"https:\/\/api.w.org\/{rel}","templated":true}]}}