{"id":252422,"date":"2015-11-16T13:24:06","date_gmt":"2015-11-16T13:24:06","guid":{"rendered":"http:\/\/diariodominicano.ddns.net\/?p=252422"},"modified":"2015-11-16T13:24:06","modified_gmt":"2015-11-16T13:24:06","slug":"resaltan-avances-en-comercio-y-cooperacion-cuba-vietnam","status":"publish","type":"post","link":"https:\/\/diariodominicano.com\/?p=252422","title":{"rendered":"Resaltan avances en comercio y cooperaci\u00f3n Cuba-Vietnam\t &#13;"},"content":{"rendered":"<p><body><\/p>\n<p><img decoding=\"async\" src=\"img3\/rodrigo.jpg\" \/>  <\/p>\n<\/p>\n<p><span class=\"text1noticias\">Hanoi, 16 nov (PL) El ministro de Comercio Exterior y la Inversi\u00f3n Extranjera de Cuba, Rodrigo Malmierca, resalt\u00f3 hoy aqu\u00ed los resultados positivos en el comercio con Vietnam y el desarrollo satisfactorio de los proyectos de cooperaci\u00f3n en sectores priorizados.<\/span><\/p>\n<\/p>\n<p><span class=\"text1noticias\">Durante la inauguraci\u00f3n de la 33 sesi\u00f3n de la Comisi\u00f3n Intergubernamental Cuba-Vietnam, Malmierca destac\u00f3, adem\u00e1s, el creciente inter\u00e9s de las empresas vietnamitas por analizar las posibilidades de inversi\u00f3n en la isla.<\/span><\/p>\n<\/p>\n<p><span class=\"text1noticias\">La colaboraci\u00f3n e intercambios entre empresas y entidades de ambos pa\u00edses es proactiva y sistem\u00e1tica -dijo-, en especial en las esferas de la inform\u00e1tica y las comunicaciones, agricultura, acuicultura, aduana, finanzas y cultura, entre otras.<\/span><\/p>\n<\/p>\n<p><span class=\"text1noticias\">Subray\u00f3 las acciones que se realizan dentro del programa cient\u00edfico-t\u00e9cnico en tem\u00e1ticas de inter\u00e9s para Cuba como el medio ambiente, la salud y la industria biofarmac\u00e9utica.<\/span><\/p>\n<\/p>\n<p><span class=\"text1noticias\">Un verdadero ejemplo de cooperaci\u00f3n entre pa\u00edses en desarrollo es el apoyo de Cuba a Vietnam en la producci\u00f3n en este territorio de medicamentos y vacunas, algunos de los cuales son novedosos y \u00fanicos en su tipo. Sin embargo, su comercializaci\u00f3n est\u00e1 por debajo de las potencialidades existentes, recalc\u00f3.<\/span><\/p>\n<\/p>\n<p><span class=\"text1noticias\">Al respecto el Ministro se\u00f1al\u00f3 que se impone la necesidad de encontrar soluci\u00f3n a las barreras no arancelarias que limitan su acceso en el mercado vietnamita, no solo por las ventajas para la exportaci\u00f3n que poseen sino para lograr que la poblaci\u00f3n en general y en particular la de esta naci\u00f3n pueda contar con esos f\u00e1rmacos reconocidos internacionalmente por su eficacia.<\/span><\/p>\n<\/p>\n<p><span class=\"text1noticias\">En tal sentido, propuso a la otra parte la creaci\u00f3n de un Comit\u00e9 Binacional y estrechar la cooperaci\u00f3n entre las agencias reguladoras para el reconocimiento mutuo de esos medicamentos.<\/span><\/p>\n<\/p>\n<p><span class=\"text1noticias\">Indic\u00f3 que la presente visita tiene especial importancia por la cercan\u00eda de la celebraci\u00f3n del aniversario 55 del establecimiento de las relaciones diplom\u00e1ticas bilaterales, como muestra de la solidez de esos nexos entre ambos Partidos, Gobiernos y pueblos, la cual ha sido ratificada a lo largo de todos estos a\u00f1os y en especial durante la visita reciente del presidente Truong Tan Sang a Cuba.<\/span><\/p>\n<\/p>\n<p><span class=\"text1noticias\">Malmierca destac\u00f3 los lazos de hermandad y solidaridad que caracterizan esos v\u00ednculos, calificados al m\u00e1ximo nivel y en reiteradas ocasiones como especiales y estrat\u00e9gicos.<\/span><\/p>\n<\/p>\n<p><span class=\"text1noticias\">Al mismo tiempo, agradeci\u00f3 el apoyo que Vietnam brinda a Cuba en cuanto al suministro de arroz con un cr\u00e9dito gubernamental en condiciones favorables y otro comercial y la colaboraci\u00f3n en los proyectos que son de vital importancia para garantizar la seguridad alimentaria del pa\u00eds caribe\u00f1o.<\/span><\/p>\n<\/p>\n<p><span class=\"text1noticias\">Esta sesi\u00f3n, expres\u00f3, tiene lugar en un ambiente propicio para el incremento del comercio, las inversiones y la colaboraci\u00f3n, a partir de las pol\u00edticas adoptadas por el gobierno cubano para su promoci\u00f3n. Cit\u00f3 como ejemplo la aprobaci\u00f3n de un nuevo marco regulatorio para ello y la creaci\u00f3n de la Zona Especial de Desarrollo Mariel.<\/span><\/p>\n<\/p>\n<p><span class=\"text1noticias\">Tambi\u00e9n hay un nuevo escenario en nuestras relaciones con los Estados Unidos, dijo al precisar que a pesar de la apertura de las respectivas embajadas diplom\u00e1ticas se mantiene el bloqueo econ\u00f3mico, comercial y financiero contra Cuba.<\/span><\/p>\n<\/p>\n<p><span class=\"text1noticias\">Al respecto, apunt\u00f3 que la isla trabaja con seriedad para lograr una relaci\u00f3n normal \u00abpero lo que nunca har\u00e1 es traicionar nuestros principios ni la amistad y hermandad que nos une con pa\u00edses como Vietnam\u00bb.<\/span><\/p>\n<\/p>\n<p><span class=\"text1noticias\">Por su parte, el titular vietnamita de la Construcci\u00f3n y Co-presidente de la Comisi\u00f3n Intergubernamental, Trinh Dinh Dung, conden\u00f3 la citada pol\u00edtica y abog\u00f3 por su eliminaci\u00f3n.<\/span><\/p>\n<\/p>\n<p><span class=\"text1noticias\">Se refiri\u00f3, adem\u00e1s, al avance de la colaboraci\u00f3n bilateral en diversos campos, entre los que mencion\u00f3 los acuerdos entre bancos, el concerniente a la construcci\u00f3n de un hotel cinco estrellas en Cuba y el de oportunidades para la exploraci\u00f3n, producci\u00f3n e incremento de la prospecci\u00f3n y perforaci\u00f3n de petr\u00f3leo y gas en la isla.<\/span><\/p>\n<\/p>\n<h6> 2015-11-16 13:24:06 <\/h6>\n<p><!--\n<link rel=\"stylesheet\" href=\"css\/bootstrap.min.css\">\n\n\n<ul class=\"pagination\">\n\t    \n\t\n\n<li >\n\t<a href='?page_no=22066'>Previous<\/a>\n\t<\/li>\n\n\n       \n    \n\n<li><a href='?page_no=1'>1<\/a><\/li>\n\n\n\n<li><a href='?page_no=2'>2<\/a><\/li>\n\n\n\n<li><a>...<\/a><\/li>\n\n\n\n<li><a href='?page_no=22065'>22065<\/a><\/li>\n\n\n\n<li><a href='?page_no=22066'>22066<\/a><\/li>\n\n\n\n<li class='active'><a>22067<\/a><\/li>\n\n\n\n<li><a href='?page_no=22068'>22068<\/a><\/li>\n\n\n\n<li><a href='?page_no=22069'>22069<\/a><\/li>\n\n\n\n<li><a>...<\/a><\/li>\n\n\n\n<li><a href='?page_no=51012'>51012<\/a><\/li>\n\n\n\n<li><a href='?page_no=51013'>51013<\/a><\/li>\n\n    \n\t\n\n<li >\n\t<a href='?page_no=22068'>Next<\/a>\n\t<\/li>\n\n\n    \n\n<li><a href='?page_no=51013'>Last &rsaquo;&rsaquo;<\/a><\/li>\n\n<\/ul>\n\n\n--><br \/>\n<\/body><\/p>\n","protected":false},"excerpt":{"rendered":"<p>Hanoi, 16 nov (PL) El ministro de Comercio Exterior y la Inversi\u00f3n Extranjera de Cuba, Rodrigo Malmierca, resalt\u00f3 hoy aqu\u00ed los resultados positivos en el comercio con Vietnam y el desarrollo satisfactorio de los proyectos de cooperaci\u00f3n en sectores priorizados. Durante la inauguraci\u00f3n de la 33 sesi\u00f3n de la Comisi\u00f3n Intergubernamental Cuba-Vietnam, Malmierca destac\u00f3, adem\u00e1s, [&hellip;]<\/p>\n","protected":false},"author":3,"featured_media":0,"comment_status":"open","ping_status":"open","sticky":false,"template":"","format":"standard","meta":{"footnotes":""},"categories":[23],"tags":[],"class_list":["post-252422","post","type-post","status-publish","format-standard","hentry","category-internacional"],"_links":{"self":[{"href":"https:\/\/diariodominicano.com\/index.php?rest_route=\/wp\/v2\/posts\/252422","targetHints":{"allow":["GET"]}}],"collection":[{"href":"https:\/\/diariodominicano.com\/index.php?rest_route=\/wp\/v2\/posts"}],"about":[{"href":"https:\/\/diariodominicano.com\/index.php?rest_route=\/wp\/v2\/types\/post"}],"author":[{"embeddable":true,"href":"https:\/\/diariodominicano.com\/index.php?rest_route=\/wp\/v2\/users\/3"}],"replies":[{"embeddable":true,"href":"https:\/\/diariodominicano.com\/index.php?rest_route=%2Fwp%2Fv2%2Fcomments&post=252422"}],"version-history":[{"count":0,"href":"https:\/\/diariodominicano.com\/index.php?rest_route=\/wp\/v2\/posts\/252422\/revisions"}],"wp:attachment":[{"href":"https:\/\/diariodominicano.com\/index.php?rest_route=%2Fwp%2Fv2%2Fmedia&parent=252422"}],"wp:term":[{"taxonomy":"category","embeddable":true,"href":"https:\/\/diariodominicano.com\/index.php?rest_route=%2Fwp%2Fv2%2Fcategories&post=252422"},{"taxonomy":"post_tag","embeddable":true,"href":"https:\/\/diariodominicano.com\/index.php?rest_route=%2Fwp%2Fv2%2Ftags&post=252422"}],"curies":[{"name":"wp","href":"https:\/\/api.w.org\/{rel}","templated":true}]}}