{"id":252420,"date":"2015-11-16T13:48:48","date_gmt":"2015-11-16T13:48:48","guid":{"rendered":"http:\/\/diariodominicano.ddns.net\/?p=252420"},"modified":"2015-11-16T13:48:48","modified_gmt":"2015-11-16T13:48:48","slug":"lideres-del-g-20-se-centran-en-mas-acciones-para-reanimar-recuperacion-economica-y-luchar-contra-terrorismo","status":"publish","type":"post","link":"https:\/\/diariodominicano.com\/?p=252420","title":{"rendered":"L\u00edderes del G-20 se centran en m\u00e1s acciones para reanimar recuperaci\u00f3n econ\u00f3mica y luchar contra terrorismo"},"content":{"rendered":"<p><body><\/p>\n<p><strong>ANTALYA, Turqu\u00eda, 16 nov (Xinhua) &#8212;<\/strong> Los l\u00edderes del G-20 contin\u00faan este lunes en Antalya (Turqu\u00eda) las discusiones sobre algunos de los asuntos econ\u00f3micos, financieros y de seguridad m\u00e1s apremiantes, centr\u00e1ndose en emprender m\u00e1s acciones para reanimar la an\u00e9mica recuperaci\u00f3n econ\u00f3mica y para combatir el terrorismo global.<\/p>\n<\/p>\n<p>En las sesiones del lunes, los l\u00edderes van a hablar sobre la regulaci\u00f3n financiera, las reformas del Fondo Monetario Internacional (FMI), el sistema fiscal internacional y la lucha contra la corrupci\u00f3n.<\/p>\n<\/p>\n<p>La cumbre se produce en un comento en el que mundo est\u00e1 luchando para materializar un crecimiento fuerte, sostenible y equilibrado. Aunque han transcurrido siete a\u00f1os desde el hundimiento financiero global, todav\u00eda se perciben solo peque\u00f1as se\u00f1ales de que la econom\u00eda mundial haya vuelvo a la senda correcta hacia una recuperaci\u00f3n s\u00f3lida. El crecimiento no est\u00e1 repuntando, el comercio es d\u00e9bil y la inversi\u00f3n se est\u00e1 ralentizando. Algunos expertos han advertido de que una nueva recesi\u00f3n es inminente.<\/p>\n<\/p>\n<p>A principios de noviembre, la Organizaci\u00f3n para la Cooperaci\u00f3n y el Desarrollo Econ\u00f3mico (OCDE) recort\u00f3 al 2,9 por ciento su previsi\u00f3n de crecimiento global para este a\u00f1o y al 3,3 por ciento para 2016, frente a los pron\u00f3sticos anteriores del 3 y del 3,6 por ciento, respectivamente. El FMI tambi\u00e9n ha hecho proyecciones pesimistas similares recientemente.<\/p>\n<\/p>\n<p>En la cumbre del pasado a\u00f1o en la ciudad australiana de Brisbane, el G-20 se impuso un ambicioso objetivo para elevar su producto interior bruto al menos un 2 por ciento adicional antes de 2018. Para ello, se acordaron medidas para incrementar la inversi\u00f3n, el comercio y la competitividad, y el empleo.<\/p>\n<\/p>\n<p>Sin embargo, el investigador del centro de estudios del G-20 en Instituto Lowy para la Pol\u00edtica Internacional Tristam Sainsbury afirm\u00f3 que la estrategia del grupo no est\u00e1 sumando al crecimiento, y que sus miembros tienen que hacer m\u00e1s para coordinar sus pol\u00edticas en favor del crecimiento.<\/p>\n<\/p>\n<p>Por otra parte, en la v\u00edspera de la cumbre, una oleada de atentados terroristas sacudieron Par\u00eds, capital de Francia, matando a al menos 129 personas e hiriendo a muchas m\u00e1s. El grupo miliciano Estado Isl\u00e1mico ha asumido la responsabilidad.<\/p>\n<\/p>\n<p>Turqu\u00eda, el pa\u00eds anfitri\u00f3n, tambi\u00e9n ha sido objetivo de un aluvi\u00f3n de ataques terroristas, el mayor de ellos la detonaci\u00f3n de dos bombas durante un manifestaci\u00f3n pac\u00edfica en Ankara el pasado 10 de octubre, en el que murieron un total de 102 personas.<\/p>\n<\/p>\n<p>A \u00faltima hora del domingo, los l\u00edderes discutieron sobre c\u00f3mo coordinar mejor sus acciones para luchar contra el terrorismo y gestionar la creciente crisis de los refugiados.<\/p>\n<\/p>\n<p>En una declaraci\u00f3n, los l\u00edderes del G-20 condenaron los \u00abatroces\u00bb ataques de Par\u00eds y Ankara, y reafirmaron que \u00abel terrorismo no puede ni debe asociarse con ninguna religi\u00f3n, nacionalidad, civilizaci\u00f3n o grupo \u00e9tnico\u00bb.<\/p>\n<h6> 2015-11-16 13:48:48 <\/h6>\n<p><!--\n<link rel=\"stylesheet\" href=\"css\/bootstrap.min.css\">\n\n\n<ul class=\"pagination\">\n\t    \n\t\n\n<li >\n\t<a href='?page_no=22064'>Previous<\/a>\n\t<\/li>\n\n\n       \n    \n\n<li><a href='?page_no=1'>1<\/a><\/li>\n\n\n\n<li><a href='?page_no=2'>2<\/a><\/li>\n\n\n\n<li><a>...<\/a><\/li>\n\n\n\n<li><a href='?page_no=22063'>22063<\/a><\/li>\n\n\n\n<li><a href='?page_no=22064'>22064<\/a><\/li>\n\n\n\n<li class='active'><a>22065<\/a><\/li>\n\n\n\n<li><a href='?page_no=22066'>22066<\/a><\/li>\n\n\n\n<li><a href='?page_no=22067'>22067<\/a><\/li>\n\n\n\n<li><a>...<\/a><\/li>\n\n\n\n<li><a href='?page_no=51012'>51012<\/a><\/li>\n\n\n\n<li><a href='?page_no=51013'>51013<\/a><\/li>\n\n    \n\t\n\n<li >\n\t<a href='?page_no=22066'>Next<\/a>\n\t<\/li>\n\n\n    \n\n<li><a href='?page_no=51013'>Last &rsaquo;&rsaquo;<\/a><\/li>\n\n<\/ul>\n\n\n--><br \/>\n<\/body><\/p>\n","protected":false},"excerpt":{"rendered":"<p>ANTALYA, Turqu\u00eda, 16 nov (Xinhua) &#8212; Los l\u00edderes del G-20 contin\u00faan este lunes en Antalya (Turqu\u00eda) las discusiones sobre algunos de los asuntos econ\u00f3micos, financieros y de seguridad m\u00e1s apremiantes, centr\u00e1ndose en emprender m\u00e1s acciones para reanimar la an\u00e9mica recuperaci\u00f3n econ\u00f3mica y para combatir el terrorismo global. En las sesiones del lunes, los l\u00edderes van [&hellip;]<\/p>\n","protected":false},"author":3,"featured_media":0,"comment_status":"open","ping_status":"open","sticky":false,"template":"","format":"standard","meta":{"footnotes":""},"categories":[23],"tags":[],"class_list":["post-252420","post","type-post","status-publish","format-standard","hentry","category-internacional"],"_links":{"self":[{"href":"https:\/\/diariodominicano.com\/index.php?rest_route=\/wp\/v2\/posts\/252420","targetHints":{"allow":["GET"]}}],"collection":[{"href":"https:\/\/diariodominicano.com\/index.php?rest_route=\/wp\/v2\/posts"}],"about":[{"href":"https:\/\/diariodominicano.com\/index.php?rest_route=\/wp\/v2\/types\/post"}],"author":[{"embeddable":true,"href":"https:\/\/diariodominicano.com\/index.php?rest_route=\/wp\/v2\/users\/3"}],"replies":[{"embeddable":true,"href":"https:\/\/diariodominicano.com\/index.php?rest_route=%2Fwp%2Fv2%2Fcomments&post=252420"}],"version-history":[{"count":0,"href":"https:\/\/diariodominicano.com\/index.php?rest_route=\/wp\/v2\/posts\/252420\/revisions"}],"wp:attachment":[{"href":"https:\/\/diariodominicano.com\/index.php?rest_route=%2Fwp%2Fv2%2Fmedia&parent=252420"}],"wp:term":[{"taxonomy":"category","embeddable":true,"href":"https:\/\/diariodominicano.com\/index.php?rest_route=%2Fwp%2Fv2%2Fcategories&post=252420"},{"taxonomy":"post_tag","embeddable":true,"href":"https:\/\/diariodominicano.com\/index.php?rest_route=%2Fwp%2Fv2%2Ftags&post=252420"}],"curies":[{"name":"wp","href":"https:\/\/api.w.org\/{rel}","templated":true}]}}