{"id":252416,"date":"2015-11-16T20:14:08","date_gmt":"2015-11-16T20:14:08","guid":{"rendered":"http:\/\/diariodominicano.ddns.net\/?p=252416"},"modified":"2015-11-16T20:14:08","modified_gmt":"2015-11-16T20:14:08","slug":"oms-alerta-sobre-resistencia-a-antibioticos","status":"publish","type":"post","link":"https:\/\/diariodominicano.com\/?p=252416","title":{"rendered":"OMS alerta sobre resistencia a antibi\u00f3ticos"},"content":{"rendered":"<p><body><\/p>\n<p><span class=\"text1noticias\">NACIONES UNIDAS, 16 nov (Xinhua) &#8212; Aunque los antibi\u00f3ticos tienen que ser tratados con gran cuidado, los malentendidos sobre su uso est\u00e1n contribuyendo a una creciente resistencia a ellos, se indic\u00f3 hoy en un nuevo estudio de la Organizaci\u00f3n Mundial de la Salud (OMS).<\/span><\/p>\n<p><span class=\"text1noticias\"> <\/span><\/p>\n<p><span class=\"text1noticias\">\u00abLos antibi\u00f3ticos son muy valiosos para nuestro arsenal para combatir afecciones que ponen en peligro la vida y tenemos que manejarlos con gran cuidado\u00bb, dijo en conferencia de prensa Nata Menabde, directora ejecutiva de la oficina de la Organizaci\u00f3n Mundial de la Salud en Nueva York.<\/span><\/p>\n<p><span class=\"text1noticias\"> <\/span><\/p>\n<p><span class=\"text1noticias\">El estudio, realizado con cerca de 10.000 personas en 12 pa\u00edses, incluyendo a China, muestra que la mayor parte de las personas saben que la resistencia a los antibi\u00f3ticos constituye una amenaza para sus familias, pero que no necesariamente saben qu\u00e9 es lo que deben hacer para ayudar a solucionar el problema.<\/span><\/p>\n<p><span class=\"text1noticias\"> <\/span><\/p>\n<p><span class=\"text1noticias\">Por ejemplo, dijo Menabde, muchas personas creen, equivocadamente, que los antibi\u00f3ticos pueden utilizarse para tratar el resfriado y la gripe.<\/span><\/p>\n<p><span class=\"text1noticias\"> <\/span><\/p>\n<p><span class=\"text1noticias\">\u00abEl 64 por ciento de los entrevistados cree que los antibi\u00f3ticos pueden usarse para un resfriado o para la gripe, lo cual no es cierto\u00bb, dijo. \u00abLos antibi\u00f3ticos no son efectivos contra los virus, pero de todos modos muchas personas los utilizan y consideran que son eficaces para tales afecciones\u00bb.<\/span><\/p>\n<p><span class=\"text1noticias\"> <\/span><\/p>\n<p><span class=\"text1noticias\">Otra idea equivocada com\u00fan es que est\u00e1 bien suspender la toma de antibi\u00f3ticos cuando el paciente se siente mejor, lo cual es falso, dijo Menabde, quien agreg\u00f3 que los pacientes deben tomar el tratamiento completo de antibi\u00f3ticos tal como lo recet\u00f3 su m\u00e9dico.<\/span><\/p>\n<p><span class=\"text1noticias\"> <\/span><\/p>\n<p><span class=\"text1noticias\">La funcionaria dijo adem\u00e1s que, en general, muchas personas no saben que no son los seres humanos los que se volver\u00e1n resistentes a los antibi\u00f3ticos, sino que son las bacterias las que lo ser\u00e1n.<\/span><\/p>\n<p><span class=\"text1noticias\"> <\/span><\/p>\n<p><span class=\"text1noticias\">\u00abSon las bacterias, no lo seres humanos ni los animales los que se volver\u00e1n resistentes a los antibi\u00f3ticos\u00bb, dijo.<\/span><\/p>\n<p><span class=\"text1noticias\"> <\/span><\/p>\n<p><span class=\"text1noticias\">Matthew Rycroft, representante permanente de Reino Unido ante la ONU, dijo en la conferencia de prensa que la resistencia a los antibi\u00f3ticos, tambi\u00e9n conocida como resistencia antimicrobiana (RAM), ya est\u00e1 causando 700.000 fallecimientos al a\u00f1o y que esta cifra podr\u00eda llegar a 10 millones de personas para el a\u00f1o 2050.<\/span><\/p>\n<p><span class=\"text1noticias\"> <\/span><\/p>\n<p><span class=\"text1noticias\">\u00abNosotros definimos esto como el asunto m\u00e1s importante del que hayan tenido noticia\u00bb, dijo Rycroft, quien ocupa la presidencia rotatoria del Consejo de Seguridad de la ONU para noviembre.<\/span><\/p>\n<p><span class=\"text1noticias\"> <\/span><\/p>\n<p><span class=\"text1noticias\">\u00abLa resistencia antimicrobiana es uno de los desaf\u00edos de salud p\u00fablica m\u00e1s importantes que enfrentamos a nivel nacional y global. Es un problema mundial y no es algo que alg\u00fan pa\u00eds o una regi\u00f3n individuales puedan abordar solos\u00bb, dijo Rycroft.<\/span><\/p>\n<p><span class=\"text1noticias\"> <\/span><\/p>\n<p><span class=\"text1noticias\">Rycroft se\u00f1al\u00f3 que Reino Unido y China anunciaron recientemente un fondo conjunto para abordar el problema.<\/span><\/p>\n<p><span class=\"text1noticias\"> <\/span><\/p>\n<p><span class=\"text1noticias\">\u00abDurante la reciente visita de Estado a Reino Unido por parte del presidente chino Xi Jinping anunciamos un fondo conjunto con China encaminado a obtener 1.000 millones de libras en inversi\u00f3n para estimular el recurso internacional para abordar la RAM\u00bb, dijo.<\/span><\/p>\n<p><span class=\"text1noticias\"> <\/span><\/p>\n<p><span class=\"text1noticias\">Rycroft enfatiz\u00f3 que abordar el problema tiene que ver con recetar y usar correctamente los antibi\u00f3ticos y no necesariamente con reducir su uso en circunstancias en las que son apropiados.<\/span><\/p>\n<p><span class=\"text1noticias\"> <\/span><\/p>\n<p><span class=\"text1noticias\">\u00abDe hecho, en algunos pa\u00edses en desarrollo donde hay problemas con el acceso tenemos que asegurarnos de que los pasos que demos aborden el exceso y no obstruyan el acceso\u00bb, dijo.<\/span><\/p>\n<p><span class=\"text1noticias\"> <\/span><\/p>\n<p><span class=\"text1noticias\">Del 16 al 22 de noviembre se realizar\u00e1 la Semana Mundial de Conciencia sobre lo<\/span>s Antibi\u00f3ticos.<\/p>\n<h6> 2015-11-16 20:14:08 <\/h6>\n<p><!--\n<link rel=\"stylesheet\" href=\"css\/bootstrap.min.css\">\n\n\n<ul class=\"pagination\">\n\t    \n\t\n\n<li >\n\t<a href='?page_no=22060'>Previous<\/a>\n\t<\/li>\n\n\n       \n    \n\n<li><a href='?page_no=1'>1<\/a><\/li>\n\n\n\n<li><a href='?page_no=2'>2<\/a><\/li>\n\n\n\n<li><a>...<\/a><\/li>\n\n\n\n<li><a href='?page_no=22059'>22059<\/a><\/li>\n\n\n\n<li><a href='?page_no=22060'>22060<\/a><\/li>\n\n\n\n<li class='active'><a>22061<\/a><\/li>\n\n\n\n<li><a href='?page_no=22062'>22062<\/a><\/li>\n\n\n\n<li><a href='?page_no=22063'>22063<\/a><\/li>\n\n\n\n<li><a>...<\/a><\/li>\n\n\n\n<li><a href='?page_no=51012'>51012<\/a><\/li>\n\n\n\n<li><a href='?page_no=51013'>51013<\/a><\/li>\n\n    \n\t\n\n<li >\n\t<a href='?page_no=22062'>Next<\/a>\n\t<\/li>\n\n\n    \n\n<li><a href='?page_no=51013'>Last &rsaquo;&rsaquo;<\/a><\/li>\n\n<\/ul>\n\n\n--><br \/>\n<\/body><\/p>\n","protected":false},"excerpt":{"rendered":"<p>NACIONES UNIDAS, 16 nov (Xinhua) &#8212; Aunque los antibi\u00f3ticos tienen que ser tratados con gran cuidado, los malentendidos sobre su uso est\u00e1n contribuyendo a una creciente resistencia a ellos, se indic\u00f3 hoy en un nuevo estudio de la Organizaci\u00f3n Mundial de la Salud (OMS). \u00abLos antibi\u00f3ticos son muy valiosos para nuestro arsenal para combatir afecciones [&hellip;]<\/p>\n","protected":false},"author":3,"featured_media":0,"comment_status":"open","ping_status":"open","sticky":false,"template":"","format":"standard","meta":{"footnotes":""},"categories":[23],"tags":[],"class_list":["post-252416","post","type-post","status-publish","format-standard","hentry","category-internacional"],"_links":{"self":[{"href":"https:\/\/diariodominicano.com\/index.php?rest_route=\/wp\/v2\/posts\/252416","targetHints":{"allow":["GET"]}}],"collection":[{"href":"https:\/\/diariodominicano.com\/index.php?rest_route=\/wp\/v2\/posts"}],"about":[{"href":"https:\/\/diariodominicano.com\/index.php?rest_route=\/wp\/v2\/types\/post"}],"author":[{"embeddable":true,"href":"https:\/\/diariodominicano.com\/index.php?rest_route=\/wp\/v2\/users\/3"}],"replies":[{"embeddable":true,"href":"https:\/\/diariodominicano.com\/index.php?rest_route=%2Fwp%2Fv2%2Fcomments&post=252416"}],"version-history":[{"count":0,"href":"https:\/\/diariodominicano.com\/index.php?rest_route=\/wp\/v2\/posts\/252416\/revisions"}],"wp:attachment":[{"href":"https:\/\/diariodominicano.com\/index.php?rest_route=%2Fwp%2Fv2%2Fmedia&parent=252416"}],"wp:term":[{"taxonomy":"category","embeddable":true,"href":"https:\/\/diariodominicano.com\/index.php?rest_route=%2Fwp%2Fv2%2Fcategories&post=252416"},{"taxonomy":"post_tag","embeddable":true,"href":"https:\/\/diariodominicano.com\/index.php?rest_route=%2Fwp%2Fv2%2Ftags&post=252416"}],"curies":[{"name":"wp","href":"https:\/\/api.w.org\/{rel}","templated":true}]}}