{"id":252415,"date":"2015-11-17T01:28:54","date_gmt":"2015-11-17T01:28:54","guid":{"rendered":"http:\/\/diariodominicano.ddns.net\/?p=252415"},"modified":"2015-11-17T01:28:54","modified_gmt":"2015-11-17T01:28:54","slug":"hangzhou-china-sera-sede-de-cumbre-2016-de-g20-dice-xi-jinping","status":"publish","type":"post","link":"https:\/\/diariodominicano.com\/?p=252415","title":{"rendered":"Hangzhou, China, ser\u00e1 sede de Cumbre 2016 de G20, dice Xi Jinping"},"content":{"rendered":"<p><body><\/p>\n<p><img decoding=\"async\" src=\"img3\/134823035_14477310909001n.jpg\" \/>  <\/p>\n<\/p>\n<p><strong>CHINA-HANGZHOU-CITY VIEW (CN)<\/strong><\/p>\n<\/p>\n<p>ANTALYA, Turqu\u00eda, 16 nov (Xinhua) &#8212; China ser\u00e1 la sede de la Cumbre 2016 del Grupo de los Veinte (G20) el 4 y 5 de septiembre en la ciudad oriental de Hangzhou, mejor conocida por su Lago Occidental, anunci\u00f3 hoy en Antalya el presidente de China, Xi Jinping.<\/p>\n<\/p>\n<p>El tema de la cumbre ser\u00e1 \u00abConstruir una econom\u00eda mundial innovadora, fortalecida, interconectada e inclusiva\u00bb, declar\u00f3 Xi en un almuerzo de trabajo durante la reci\u00e9n concluida d\u00e9cima Cumbre del G20 en la ciudad tur\u00edstica turca de Antalya.<\/p>\n<\/p>\n<p>Los preparativos de China, dijo Xi a los l\u00edderes mundiales, se centrar\u00e1n en innovar los patrones de crecimiento, mejorar la gobernanza econ\u00f3mica y financiera mundial, impulsar el comercio e inversi\u00f3n internacionales y promover un desarrollo inclusivo e interconectado.<\/p>\n<\/p>\n<p>\u00abTenemos que incrementar la representaci\u00f3n y la voz de las econom\u00edas de los mercados emergentes y de los pa\u00edses en desarrollo (en la gobernanza mundial) para as\u00ed ampliar las capacidades de la econom\u00eda mundial para resistir riesgos\u00bb, indic\u00f3 el presidente.<\/p>\n<\/p>\n<p>Al explicar la elecci\u00f3n del tema y las prioridades por parte de China, Xi se\u00f1al\u00f3 que aunque el mundo ha salido de la crisis, la recuperaci\u00f3n sigue siendo muy fr\u00e1gil y el crecimiento carece de vigor.<\/p>\n<\/p>\n<p>\u00abLas tendencias y pol\u00edticas de las principales econom\u00edas se est\u00e1n volviendo cada vez m\u00e1s divergentes\u00bb, dijo. \u00abTenemos una aguda necesidad de nuevas fuentes de crecimiento para impulsar una nueva ronda de prosperidad de la econom\u00eda mundial\u00bb.<\/p>\n<\/p>\n<p>Por otra parte, la reforma de la gobernanza econ\u00f3mica mundial ha avanzado con contratiempos en los \u00faltimos a\u00f1os y los miembros del G20 tienen que realizar acciones conjuntas para dirigir la cooperaci\u00f3n econ\u00f3mica internacional, a\u00f1adi\u00f3 Xi.<\/p>\n<\/p>\n<p>El presidente tambi\u00e9n pidi\u00f3 esfuerzos conjuntos para ayudar a transformar el grupo para que pase de ser un mecanismo de respuesta a crisis a ser un mecanismo de gobernanza de largo plazo, para as\u00ed consolidar su estatus como el principal foro de gobernanza econ\u00f3mica mundial.<\/p>\n<\/p>\n<p>\u00abChina asumir\u00e1 una actitud abierta, transparente e inclusiva en los preparativos y ampliar\u00e1 la comunicaci\u00f3n y la coordinaci\u00f3n con todos los miembros del G20 para mantener, construir y desarrollar juntos el grupo de una forma sana\u00bb, dijo Xi.<\/p>\n<\/p>\n<p>China asumir\u00e1 la presidencia del G20 el 1 de diciembre de 2015 y el pr\u00f3ximo a\u00f1o se celebrar\u00e1n una serie de reuniones relacionadas con esto, indic\u00f3 Wang Xiaolong, enviado especial del Ministerio de Relaciones Exteriores para Asuntos del G20.<\/p>\n<\/p>\n<p>El presidente de Estados Unidos, Barack Obama, expres\u00f3 su apoyo a la presidencia de China y dijo que sea asistir a la cumbre de Hangzhou.<\/p>\n<\/p>\n<p>Estados Unidos est\u00e1 dispuesto a trabajar de cerca con China para garantizar el \u00e9xito de la reuni\u00f3n, dijo Obama a Xi al margen de la cumbre de Antalya.<\/p>\n<\/p>\n<p>Hangzhou, una ciudad de siglos de antig\u00fcedad con una poblaci\u00f3n de cerca de 8,9 millones, es la capital y ciudad m\u00e1s grande de la provincia de Zhejiang.<\/p>\n<\/p>\n<p>En 2014, Zhejiang, conocida por su robusto sector empresarial privado, se ubic\u00f3 en cuarto lugar de 31 regiones a nivel provincial de la parte continental china en t\u00e9rminos de producto interno bruto (PIB).<\/p>\n<\/p>\n<p>Xi trabaj\u00f3 en Zhejiang entre 2002 y 2007 como jefe del comit\u00e9 provincial del Partido Comunista de China.<\/p>\n<\/p>\n<p>El G20 es un importante foro para la cooperaci\u00f3n econ\u00f3mica y financiera mundial que agrupa a las principales econom\u00edas avanzadas y emergentes del mundo, las cuales representan alrededor del 85 por ciento del PIB mundial, 80 por ciento del comercio mundial y dos terceras partes de la poblaci\u00f3n mundial.<\/p>\n<\/p>\n<p>El G20 inici\u00f3 en 1999 como una reuni\u00f3n de ministros de Finanzas y gobernadores de bancos centrales tras la crisis financiera en Asia. Los miembros inclu\u00edan 19 pa\u00edses y la Uni\u00f3n Europea.<\/p>\n<\/p>\n<p>En 2008, se celebr\u00f3 la primera cumbre del G20 en Washington D.C. y el grupo desempe\u00f1\u00f3 un papel clave en la respuesta a la crisis financiera mundial.<\/p>\n<\/p>\n<p>La presidencia del G20 rota cada a\u00f1o entre sus miembros. Para garantizar la continuidad, la presidencia es apoyada por una \u00abtroika\u00bb compuesta por el anterior pa\u00eds organizador, el actual organizador y el futuro organizador. En 2015, los miembros de la \u00abtroika\u00bb son Turqu\u00eda, Australia y China.<\/p>\n<\/p>\n<p>La cumbre del G20 del a\u00f1o pasado se realiz\u00f3 en Brisbane, Australia.<\/p>\n<h6> 2015-11-17 01:28:54 <\/h6>\n<p><!--\n<link rel=\"stylesheet\" href=\"css\/bootstrap.min.css\">\n\n\n<ul class=\"pagination\">\n\t    \n\t\n\n<li >\n\t<a href='?page_no=22059'>Previous<\/a>\n\t<\/li>\n\n\n       \n    \n\n<li><a href='?page_no=1'>1<\/a><\/li>\n\n\n\n<li><a href='?page_no=2'>2<\/a><\/li>\n\n\n\n<li><a>...<\/a><\/li>\n\n\n\n<li><a href='?page_no=22058'>22058<\/a><\/li>\n\n\n\n<li><a href='?page_no=22059'>22059<\/a><\/li>\n\n\n\n<li class='active'><a>22060<\/a><\/li>\n\n\n\n<li><a href='?page_no=22061'>22061<\/a><\/li>\n\n\n\n<li><a href='?page_no=22062'>22062<\/a><\/li>\n\n\n\n<li><a>...<\/a><\/li>\n\n\n\n<li><a href='?page_no=51012'>51012<\/a><\/li>\n\n\n\n<li><a href='?page_no=51013'>51013<\/a><\/li>\n\n    \n\t\n\n<li >\n\t<a href='?page_no=22061'>Next<\/a>\n\t<\/li>\n\n\n    \n\n<li><a href='?page_no=51013'>Last &rsaquo;&rsaquo;<\/a><\/li>\n\n<\/ul>\n\n\n--><br \/>\n<\/body><\/p>\n","protected":false},"excerpt":{"rendered":"<p>CHINA-HANGZHOU-CITY VIEW (CN) ANTALYA, Turqu\u00eda, 16 nov (Xinhua) &#8212; China ser\u00e1 la sede de la Cumbre 2016 del Grupo de los Veinte (G20) el 4 y 5 de septiembre en la ciudad oriental de Hangzhou, mejor conocida por su Lago Occidental, anunci\u00f3 hoy en Antalya el presidente de China, Xi Jinping. El tema de la [&hellip;]<\/p>\n","protected":false},"author":3,"featured_media":0,"comment_status":"open","ping_status":"open","sticky":false,"template":"","format":"standard","meta":{"footnotes":""},"categories":[23],"tags":[],"class_list":["post-252415","post","type-post","status-publish","format-standard","hentry","category-internacional"],"_links":{"self":[{"href":"https:\/\/diariodominicano.com\/index.php?rest_route=\/wp\/v2\/posts\/252415","targetHints":{"allow":["GET"]}}],"collection":[{"href":"https:\/\/diariodominicano.com\/index.php?rest_route=\/wp\/v2\/posts"}],"about":[{"href":"https:\/\/diariodominicano.com\/index.php?rest_route=\/wp\/v2\/types\/post"}],"author":[{"embeddable":true,"href":"https:\/\/diariodominicano.com\/index.php?rest_route=\/wp\/v2\/users\/3"}],"replies":[{"embeddable":true,"href":"https:\/\/diariodominicano.com\/index.php?rest_route=%2Fwp%2Fv2%2Fcomments&post=252415"}],"version-history":[{"count":0,"href":"https:\/\/diariodominicano.com\/index.php?rest_route=\/wp\/v2\/posts\/252415\/revisions"}],"wp:attachment":[{"href":"https:\/\/diariodominicano.com\/index.php?rest_route=%2Fwp%2Fv2%2Fmedia&parent=252415"}],"wp:term":[{"taxonomy":"category","embeddable":true,"href":"https:\/\/diariodominicano.com\/index.php?rest_route=%2Fwp%2Fv2%2Fcategories&post=252415"},{"taxonomy":"post_tag","embeddable":true,"href":"https:\/\/diariodominicano.com\/index.php?rest_route=%2Fwp%2Fv2%2Ftags&post=252415"}],"curies":[{"name":"wp","href":"https:\/\/api.w.org\/{rel}","templated":true}]}}