{"id":252413,"date":"2015-11-17T12:23:45","date_gmt":"2015-11-17T12:23:45","guid":{"rendered":"http:\/\/diariodominicano.ddns.net\/?p=252413"},"modified":"2015-11-17T12:23:45","modified_gmt":"2015-11-17T12:23:45","slug":"farc-ep-denuncia-postura-del-gobierno-de-ralentizar-proceso-de-paz","status":"publish","type":"post","link":"https:\/\/diariodominicano.com\/?p=252413","title":{"rendered":"FARC-EP denuncia postura del Gobierno de ralentizar proceso de paz"},"content":{"rendered":"<p><body><\/p>\n<p><img decoding=\"async\" src=\"img3\/timoleon66.jpg\" \/>  <\/p>\n<\/p>\n<p>La Habana, 17 nov (PL) Las FARC-EP expresaron hoy su voluntad de avanzar en los di\u00e1logos para la paz en Colombia que se desarrollan aqu\u00ed, al denunciar que el gobierno del presidente Juan Manuel Santos tiende a complicar el progreso de dicho proceso.<\/p>\n<\/p>\n<p>En un comunicado divulgado en esta capital, el comandante del Estado Mayor Central de las Fuerzas Armadas Revolucionarias de Colombia-Ej\u00e9rcito del Pueblo (FARC-EP), Timole\u00f3n Jim\u00e9nez, manifest\u00f3 su preocupaci\u00f3n por la ralentizaci\u00f3n en el avance de las conversaciones de paz, debido a la postura del Ejecutivo tras la firma del acuerdo de justicia.<\/p>\n<\/p>\n<p>En el texto, el l\u00edder guerrillero destac\u00f3 la gran trascendencia de dicho convenio suscrito el pasado 23 de septiembre, pero critic\u00f3 que tras ese hist\u00f3rico acto, \u00abse volvieron frecuentes (por parte del Gobierno) los aplazamientos, los pretextos y las disculpas para no cumplir los ciclos y las sesiones del modo esperado\u00bb.<\/p>\n<\/p>\n<p>De pronto result\u00f3 que el acuerdo sobre justicia no pod\u00eda considerarse cerrado, que lo \u00fanico oficial era un comunicado. Que hab\u00eda que revisar una serie de temas, critic\u00f3 Jim\u00e9nez.<\/p>\n<\/p>\n<p>A una escasa semana de cumplirse dos meses del acto solemne en el que se anunci\u00f3 el feliz acuerdo, sigue resultando imposible su cierre definitivo. Y no porque las FARC-EP hayamos desconocido una sola letra de lo aprobado, agreg\u00f3 el jefe insurgente. Hoy nos preocupa que del lado del gobierno prospere un cierto prop\u00f3sito de ralentizar, de complicar el progreso en los acuerdos. El lento ritmo impuesto en la Mesa y las Subcomisiones da mucho qu\u00e9 pensar, afirm\u00f3 Jim\u00e9nez.<\/p>\n<\/p>\n<p>Ante tal contexto, el dirigente guerrillero reafirm\u00f3 que la Mesa de Conversaciones es y debe seguir siendo el espacio ideal para discutir y llegar a acuerdos, pues ninguna de las partes tiene el derecho a concebirla como un mecanismo para someter la otra, acot\u00f3.<\/p>\n<\/p>\n<p>Hemos llegado hasta aqu\u00ed porque en medio de todas las dificultades se ha fortalecido la confianza. No deber\u00edamos afectarla de ning\u00fan modo, asegur\u00f3.<\/p>\n<\/p>\n<p>No queremos que se diga que las FARC-EP estamos anunciando faltar a la palabra pactada. Por el contrario, al poner de presente las actuales trabas esperamos del gobierno nacional una actitud positiva que nos permita concluir cuanto antes con este largo conflicto, dijo Jim\u00e9nez.<\/p>\n<\/p>\n<p>Presidente Santos, con voluntad todo acuerdo es posible. La nuestra existe y es firme, hag\u00e1mosle, asever\u00f3 Jim\u00e9nez.<\/p>\n<h6> 2015-11-17 12:23:45 <\/h6>\n<p><!--\n<link rel=\"stylesheet\" href=\"css\/bootstrap.min.css\">\n\n\n<ul class=\"pagination\">\n\t    \n\t\n\n<li >\n\t<a href='?page_no=22057'>Previous<\/a>\n\t<\/li>\n\n\n       \n    \n\n<li><a href='?page_no=1'>1<\/a><\/li>\n\n\n\n<li><a href='?page_no=2'>2<\/a><\/li>\n\n\n\n<li><a>...<\/a><\/li>\n\n\n\n<li><a href='?page_no=22056'>22056<\/a><\/li>\n\n\n\n<li><a href='?page_no=22057'>22057<\/a><\/li>\n\n\n\n<li class='active'><a>22058<\/a><\/li>\n\n\n\n<li><a href='?page_no=22059'>22059<\/a><\/li>\n\n\n\n<li><a href='?page_no=22060'>22060<\/a><\/li>\n\n\n\n<li><a>...<\/a><\/li>\n\n\n\n<li><a href='?page_no=51012'>51012<\/a><\/li>\n\n\n\n<li><a href='?page_no=51013'>51013<\/a><\/li>\n\n    \n\t\n\n<li >\n\t<a href='?page_no=22059'>Next<\/a>\n\t<\/li>\n\n\n    \n\n<li><a href='?page_no=51013'>Last &rsaquo;&rsaquo;<\/a><\/li>\n\n<\/ul>\n\n\n--><br \/>\n<\/body><\/p>\n","protected":false},"excerpt":{"rendered":"<p>La Habana, 17 nov (PL) Las FARC-EP expresaron hoy su voluntad de avanzar en los di\u00e1logos para la paz en Colombia que se desarrollan aqu\u00ed, al denunciar que el gobierno del presidente Juan Manuel Santos tiende a complicar el progreso de dicho proceso. En un comunicado divulgado en esta capital, el comandante del Estado Mayor [&hellip;]<\/p>\n","protected":false},"author":3,"featured_media":0,"comment_status":"open","ping_status":"open","sticky":false,"template":"","format":"standard","meta":{"footnotes":""},"categories":[23],"tags":[],"class_list":["post-252413","post","type-post","status-publish","format-standard","hentry","category-internacional"],"_links":{"self":[{"href":"https:\/\/diariodominicano.com\/index.php?rest_route=\/wp\/v2\/posts\/252413","targetHints":{"allow":["GET"]}}],"collection":[{"href":"https:\/\/diariodominicano.com\/index.php?rest_route=\/wp\/v2\/posts"}],"about":[{"href":"https:\/\/diariodominicano.com\/index.php?rest_route=\/wp\/v2\/types\/post"}],"author":[{"embeddable":true,"href":"https:\/\/diariodominicano.com\/index.php?rest_route=\/wp\/v2\/users\/3"}],"replies":[{"embeddable":true,"href":"https:\/\/diariodominicano.com\/index.php?rest_route=%2Fwp%2Fv2%2Fcomments&post=252413"}],"version-history":[{"count":0,"href":"https:\/\/diariodominicano.com\/index.php?rest_route=\/wp\/v2\/posts\/252413\/revisions"}],"wp:attachment":[{"href":"https:\/\/diariodominicano.com\/index.php?rest_route=%2Fwp%2Fv2%2Fmedia&parent=252413"}],"wp:term":[{"taxonomy":"category","embeddable":true,"href":"https:\/\/diariodominicano.com\/index.php?rest_route=%2Fwp%2Fv2%2Fcategories&post=252413"},{"taxonomy":"post_tag","embeddable":true,"href":"https:\/\/diariodominicano.com\/index.php?rest_route=%2Fwp%2Fv2%2Ftags&post=252413"}],"curies":[{"name":"wp","href":"https:\/\/api.w.org\/{rel}","templated":true}]}}