{"id":252409,"date":"2015-11-17T12:48:31","date_gmt":"2015-11-17T12:48:31","guid":{"rendered":"http:\/\/diariodominicano.ddns.net\/?p=252409"},"modified":"2015-11-17T12:48:31","modified_gmt":"2015-11-17T12:48:31","slug":"expresan-en-unesco-rechazo-a-la-violencia-y-el-extremismo","status":"publish","type":"post","link":"https:\/\/diariodominicano.com\/?p=252409","title":{"rendered":"Expresan en Unesco rechazo a la violencia y el extremismo"},"content":{"rendered":"<p><body><\/p>\n<p><img decoding=\"async\" src=\"img3\/xxxviii-conferencia-unesco.jpg\" \/>  <\/p>\n<p><span class=\"text1noticias\"> <\/span><\/p>\n<p><span class=\"text1noticias\">  <\/span><\/p>\n<p><span class=\"text1noticias\">Par\u00eds, 17 nov (PL) Varios dirigentes del mundo manifestaron en la Unesco su rechazo a la violencia y el extremismo durante el Foro de L\u00edderes que concluye hoy en la sede de la instituci\u00f3n en esta capital. (P<\/span><\/p>\n<\/p>\n<p><span class=\"text1noticias\">En la cita, inscrita en la XXXVIII Conferencia General de la Organizaci\u00f3n de las Naciones Unidas para la Educaci\u00f3n, la Ciencia y a Cultura (Unesco), denunciaron el terrorismo y expresaron su determinaci\u00f3n de continuar trabajando para promover el di\u00e1logo, la educaci\u00f3n y la salvaguardia del patrimonio cultural en su diversidad.<\/span><\/p>\n<\/p>\n<p><span class=\"text1noticias\">La directora general de ese organismo internacional, Irina Bokova, afirm\u00f3 que los extremistas tienen miedo de la historia, de la diversidad cultural y de la libertad que representa.<\/span><\/p>\n<\/p>\n<p><span class=\"text1noticias\">Por eso destruyeron Palmira, Mosul y Hatra. Por eso atacan a periodistas, a miembros de comunidades religiosas y a la capacidad humana de convivir, se\u00f1al\u00f3.<\/span><\/p>\n<\/p>\n<p><span class=\"text1noticias\">El presidente de Bulgaria, Rosen Plevneliev, declar\u00f3 que \u00abla ideolog\u00eda del terrorismo no puede combatirse con las armas\u00bb y a\u00f1adi\u00f3 que \u00absolo puede ser vencida con mejores ideas, educaci\u00f3n y sociedades tolerantes. Solo ganaremos esta batalla si permanecemos unidos contra esta amenaza global\u00bb.<\/span><\/p>\n<\/p>\n<p><span class=\"text1noticias\">Al respecto, el jefe de Estado de Camer\u00fan, Paul Biya, declar\u00f3 que la guerra contra dicho fen\u00f3meno concierne a cada naci\u00f3n que considera el respeto por la persona humana y la vida entre sus valores esenciales. Cada pa\u00eds tiene que hacer su contribuci\u00f3n.<\/span><\/p>\n<\/p>\n<p><span class=\"text1noticias\">El presidente interino de Libia, Agila Saleh Essa Gwaider, habl\u00f3 del sufrimiento que provocan entre los habitantes de su pa\u00eds las bandas de terroristas y destac\u00f3 la importancia que Libia otorga a la diversidad cultural, el di\u00e1logo interreligioso y la cultura de paz.<\/span><\/p>\n<\/p>\n<p><span class=\"text1noticias\">En opini\u00f3n de la mandataria de Lituania, Dalia Grybauskait-, la paz duradera, el desarrollo sostenible y la erradicaci\u00f3n de la pobreza, dependen todas del acceso a la educaci\u00f3n.<\/span><\/p>\n<\/p>\n<p><span class=\"text1noticias\">No debemos permitir que el terrorismo venza la paz, la libertad y la justicia, recalc\u00f3 el presidente de Macedonia, quien inst\u00f3 a la Organizaci\u00f3n a que \u00abayude a restaurar el orden global y a reemplazar el mon\u00f3logo con el di\u00e1logo, especialmente intercultural e interreligioso\u00bb.<\/span><\/p>\n<\/p>\n<p><span class=\"text1noticias\">La XXXVIII Conferencia General de la Unesco, desarrollada en el contexto de las celebraciones por al aniversario 70 de la creaci\u00f3n de esa instituci\u00f3n, concluye ma\u00f1ana.<\/span><\/p>\n<\/p>\n<h6> 2015-11-17 12:48:31 <\/h6>\n<p><!--\n<link rel=\"stylesheet\" href=\"css\/bootstrap.min.css\">\n\n\n<ul class=\"pagination\">\n\t    \n\t\n\n<li >\n\t<a href='?page_no=22053'>Previous<\/a>\n\t<\/li>\n\n\n       \n    \n\n<li><a href='?page_no=1'>1<\/a><\/li>\n\n\n\n<li><a href='?page_no=2'>2<\/a><\/li>\n\n\n\n<li><a>...<\/a><\/li>\n\n\n\n<li><a href='?page_no=22052'>22052<\/a><\/li>\n\n\n\n<li><a href='?page_no=22053'>22053<\/a><\/li>\n\n\n\n<li class='active'><a>22054<\/a><\/li>\n\n\n\n<li><a href='?page_no=22055'>22055<\/a><\/li>\n\n\n\n<li><a href='?page_no=22056'>22056<\/a><\/li>\n\n\n\n<li><a>...<\/a><\/li>\n\n\n\n<li><a href='?page_no=51012'>51012<\/a><\/li>\n\n\n\n<li><a href='?page_no=51013'>51013<\/a><\/li>\n\n    \n\t\n\n<li >\n\t<a href='?page_no=22055'>Next<\/a>\n\t<\/li>\n\n\n    \n\n<li><a href='?page_no=51013'>Last &rsaquo;&rsaquo;<\/a><\/li>\n\n<\/ul>\n\n\n--><br \/>\n<\/body><\/p>\n","protected":false},"excerpt":{"rendered":"<p>Par\u00eds, 17 nov (PL) Varios dirigentes del mundo manifestaron en la Unesco su rechazo a la violencia y el extremismo durante el Foro de L\u00edderes que concluye hoy en la sede de la instituci\u00f3n en esta capital. (P En la cita, inscrita en la XXXVIII Conferencia General de la Organizaci\u00f3n de las Naciones Unidas para [&hellip;]<\/p>\n","protected":false},"author":3,"featured_media":0,"comment_status":"open","ping_status":"open","sticky":false,"template":"","format":"standard","meta":{"footnotes":""},"categories":[23],"tags":[],"class_list":["post-252409","post","type-post","status-publish","format-standard","hentry","category-internacional"],"_links":{"self":[{"href":"https:\/\/diariodominicano.com\/index.php?rest_route=\/wp\/v2\/posts\/252409","targetHints":{"allow":["GET"]}}],"collection":[{"href":"https:\/\/diariodominicano.com\/index.php?rest_route=\/wp\/v2\/posts"}],"about":[{"href":"https:\/\/diariodominicano.com\/index.php?rest_route=\/wp\/v2\/types\/post"}],"author":[{"embeddable":true,"href":"https:\/\/diariodominicano.com\/index.php?rest_route=\/wp\/v2\/users\/3"}],"replies":[{"embeddable":true,"href":"https:\/\/diariodominicano.com\/index.php?rest_route=%2Fwp%2Fv2%2Fcomments&post=252409"}],"version-history":[{"count":0,"href":"https:\/\/diariodominicano.com\/index.php?rest_route=\/wp\/v2\/posts\/252409\/revisions"}],"wp:attachment":[{"href":"https:\/\/diariodominicano.com\/index.php?rest_route=%2Fwp%2Fv2%2Fmedia&parent=252409"}],"wp:term":[{"taxonomy":"category","embeddable":true,"href":"https:\/\/diariodominicano.com\/index.php?rest_route=%2Fwp%2Fv2%2Fcategories&post=252409"},{"taxonomy":"post_tag","embeddable":true,"href":"https:\/\/diariodominicano.com\/index.php?rest_route=%2Fwp%2Fv2%2Ftags&post=252409"}],"curies":[{"name":"wp","href":"https:\/\/api.w.org\/{rel}","templated":true}]}}