{"id":252407,"date":"2015-11-17T13:01:51","date_gmt":"2015-11-17T13:01:51","guid":{"rendered":"http:\/\/diariodominicano.ddns.net\/?p=252407"},"modified":"2015-11-17T13:01:51","modified_gmt":"2015-11-17T13:01:51","slug":"india-y-china-acuerdan-garantizar-la-paz-en-la-frontera-comun","status":"publish","type":"post","link":"https:\/\/diariodominicano.com\/?p=252407","title":{"rendered":"&#13;India y China acuerdan garantizar la paz en la frontera com\u00fan\t &#13;"},"content":{"rendered":"<p><body><\/p>\n<p><img decoding=\"async\" src=\"img3\/banderas-india-china.jpg\" \/>  <\/p>\n<p><span class=\"text1noticias\">Nueva Delhi, 17 nov (PL) India y China acordaron garantizar la paz y la tranquilidad de la frontera com\u00fan e incrementar los v\u00ednculos entre sus Fuerzas Armadas, inform\u00f3 hoy el vocero del ministerio de Defensa nacional, Sitanshu Kar.<\/span><\/p>\n<\/p>\n<p><span class=\"text1noticias\">Durante un encuentro celebrado anoche entre el titular de Defensa indio, Manohar Parrikar, y el vicepresidente de la Comisi\u00f3n Militar Central china, general Fan Changlong, ambas partes coincidieron en elevar las comunicaciones y los intercambios bilaterales, escribi\u00f3 Kar en Twitter.<\/span><\/p>\n<\/p>\n<p><span class=\"text1noticias\">Parrikar y Fan tambi\u00e9n condenaron los recientes ataques terroristas en Par\u00eds y acordaron fortalecer la cooperaci\u00f3n para combatir el terrorismo.<\/span><\/p>\n<\/p>\n<p><span class=\"text1noticias\">Seg\u00fan la agencia de noticias ANI, resaltaron la importancia de la apertura de nuevos puntos en la frontera com\u00fan para el intercambio de personal de ambos ej\u00e9rcitos y pasaron revista a los ejercicios militares conjuntos.<\/span><\/p>\n<\/p>\n<p><span class=\"text1noticias\">Adem\u00e1s, el titular de Defensa indio acept\u00f3 una invitaci\u00f3n de Fan para visitar China.<\/span><\/p>\n<\/p>\n<p><span class=\"text1noticias\">Integrada por 26 miembros, esta es la delegaci\u00f3n castrense de m\u00e1s alto nivel del gigante asi\u00e1tico que arriba a la India en los \u00faltimos a\u00f1os, subraya ANI.<\/span><\/p>\n<\/p>\n<p><span class=\"text1noticias\">Las dos naciones comparten una extensa frontera que ha sido motivo de numerosos encontronazos diplom\u00e1ticos y militares, el m\u00e1s grave de los cuales fue una breve guerra en octubre de 1962, a m\u00e1s de cuatro mil metros en la cordillera del Himalaya.<\/span><\/p>\n<\/p>\n<p><span class=\"text1noticias\">Beijing reclama el monta\u00f1oso estado de Arunachal Pradesh en el extremo nororiental de la India, que llama T\u00edbet del Sur. Por su parte, Nueva Delhi exige el valle de Shaksgam y la zona conocida como Aksai Chin al estimar que forman parte de la hist\u00f3rica regi\u00f3n de Cachemira.<\/span><\/p>\n<\/p>\n<p><span class=\"text1noticias\">Sin embargo, en los \u00faltimos a\u00f1os los crecientes v\u00ednculos econ\u00f3micos y pol\u00edticos atenuaron el diferendo territorial.<\/span><\/p>\n<\/p>\n<p><span class=\"text1noticias\">Los militares chinos llegaron a esta capital el domingo procedente de Pakist\u00e1n donde se reunieron con la c\u00fapula de las Fuerzas Armadas de esa naci\u00f3n musulmana.<\/span><\/p>\n<h6> 2015-11-17 13:01:51 <\/h6>\n<p><!--\n<link rel=\"stylesheet\" href=\"css\/bootstrap.min.css\">\n\n\n<ul class=\"pagination\">\n\t    \n\t\n\n<li >\n\t<a href='?page_no=22051'>Previous<\/a>\n\t<\/li>\n\n\n       \n    \n\n<li><a href='?page_no=1'>1<\/a><\/li>\n\n\n\n<li><a href='?page_no=2'>2<\/a><\/li>\n\n\n\n<li><a>...<\/a><\/li>\n\n\n\n<li><a href='?page_no=22050'>22050<\/a><\/li>\n\n\n\n<li><a href='?page_no=22051'>22051<\/a><\/li>\n\n\n\n<li class='active'><a>22052<\/a><\/li>\n\n\n\n<li><a href='?page_no=22053'>22053<\/a><\/li>\n\n\n\n<li><a href='?page_no=22054'>22054<\/a><\/li>\n\n\n\n<li><a>...<\/a><\/li>\n\n\n\n<li><a href='?page_no=51012'>51012<\/a><\/li>\n\n\n\n<li><a href='?page_no=51013'>51013<\/a><\/li>\n\n    \n\t\n\n<li >\n\t<a href='?page_no=22053'>Next<\/a>\n\t<\/li>\n\n\n    \n\n<li><a href='?page_no=51013'>Last &rsaquo;&rsaquo;<\/a><\/li>\n\n<\/ul>\n\n\n--><br \/>\n<\/body><\/p>\n","protected":false},"excerpt":{"rendered":"<p>Nueva Delhi, 17 nov (PL) India y China acordaron garantizar la paz y la tranquilidad de la frontera com\u00fan e incrementar los v\u00ednculos entre sus Fuerzas Armadas, inform\u00f3 hoy el vocero del ministerio de Defensa nacional, Sitanshu Kar. Durante un encuentro celebrado anoche entre el titular de Defensa indio, Manohar Parrikar, y el vicepresidente de [&hellip;]<\/p>\n","protected":false},"author":3,"featured_media":0,"comment_status":"open","ping_status":"open","sticky":false,"template":"","format":"standard","meta":{"footnotes":""},"categories":[23],"tags":[],"class_list":["post-252407","post","type-post","status-publish","format-standard","hentry","category-internacional"],"_links":{"self":[{"href":"https:\/\/diariodominicano.com\/index.php?rest_route=\/wp\/v2\/posts\/252407","targetHints":{"allow":["GET"]}}],"collection":[{"href":"https:\/\/diariodominicano.com\/index.php?rest_route=\/wp\/v2\/posts"}],"about":[{"href":"https:\/\/diariodominicano.com\/index.php?rest_route=\/wp\/v2\/types\/post"}],"author":[{"embeddable":true,"href":"https:\/\/diariodominicano.com\/index.php?rest_route=\/wp\/v2\/users\/3"}],"replies":[{"embeddable":true,"href":"https:\/\/diariodominicano.com\/index.php?rest_route=%2Fwp%2Fv2%2Fcomments&post=252407"}],"version-history":[{"count":0,"href":"https:\/\/diariodominicano.com\/index.php?rest_route=\/wp\/v2\/posts\/252407\/revisions"}],"wp:attachment":[{"href":"https:\/\/diariodominicano.com\/index.php?rest_route=%2Fwp%2Fv2%2Fmedia&parent=252407"}],"wp:term":[{"taxonomy":"category","embeddable":true,"href":"https:\/\/diariodominicano.com\/index.php?rest_route=%2Fwp%2Fv2%2Fcategories&post=252407"},{"taxonomy":"post_tag","embeddable":true,"href":"https:\/\/diariodominicano.com\/index.php?rest_route=%2Fwp%2Fv2%2Ftags&post=252407"}],"curies":[{"name":"wp","href":"https:\/\/api.w.org\/{rel}","templated":true}]}}