{"id":252406,"date":"2015-11-17T13:07:28","date_gmt":"2015-11-17T13:07:28","guid":{"rendered":"http:\/\/diariodominicano.ddns.net\/?p=252406"},"modified":"2015-11-17T13:07:28","modified_gmt":"2015-11-17T13:07:28","slug":"maestros-puertorriquenos-realizan-protesta-contra-reforma-educacional","status":"publish","type":"post","link":"https:\/\/diariodominicano.com\/?p=252406","title":{"rendered":"Maestros puertorrique\u00f1os realizan protesta contra reforma educacional"},"content":{"rendered":"<p><body><\/p>\n<p><img decoding=\"async\" src=\"img3\/prico-educacion-marcha.jpg\" \/>  <\/p>\n<p><span class=\"text1noticias\">  <\/span><\/p>\n<p><span class=\"text1noticias\">San Juan, 17 nov (PL) El Frente Amplio en Defensa de la Educaci\u00f3n P\u00fablica (Fadep) en Puerto Rico realiza hoy un paro en rechazo a una medida legislativa dirigida a entregar a intereses privados la docencia nacional. <\/span><\/p>\n<\/p>\n<p><span class=\"text1noticias\">La presidenta de la Federaci\u00f3n de Maestros de Puerto Rico (FMPR), Mercedes Mart\u00ednez, expres\u00f3 el temor del sector docente que la C\u00e1mara de Representantes apruebe en el \u00faltimo d\u00eda de la sesi\u00f3n ordinaria un proyecto de ley sancionado por el Senado, dirigido a poner en manos privadas la educaci\u00f3n p\u00fablica.<\/span><\/p>\n<\/p>\n<p><span class=\"text1noticias\">\u00abEl pa\u00eds se juega demasiado con el proyecto presentado por el senador Eduardo Bhatia para desmantelar el sistema de educaci\u00f3n p\u00fablica\u00bb, expres\u00f3 Mart\u00ednez al convocar a una manifestaci\u00f3n a media ma\u00f1ana frente al Capitolio, en el Viejo San Juan.<\/span><\/p>\n<\/p>\n<p><span class=\"text1noticias\">Bhatia, presidente del Senado y propulsor de la medida legislativa, ha alegado que quiere desmantelar la burocracia en el Ministerio de Educaci\u00f3n, mas los docentes advierten que el prop\u00f3sito es entregar las escuelas a intereses privados con fondos p\u00fablicos.<\/span><\/p>\n<\/p>\n<p><span class=\"text1noticias\">La Asociaci\u00f3n de Maestros de Puerto Rico, Aida D\u00edaz, confirm\u00f3 que no se unir\u00e1n al paro por considerar que se pierde el d\u00eda sin mayores objetivos, por lo que prefieren centrar su lucha en obtener una representaci\u00f3n sindical, que permita la negociaci\u00f3n colectiva ante el Ministerio de Educaci\u00f3n.<\/span><\/p>\n<\/p>\n<p><span class=\"text1noticias\">Mart\u00ednez, en cambio, record\u00f3 a D\u00edaz que el gobierno terminar\u00e1 cerrando sobre 400 escuelas, se desplazar\u00e1n m\u00e1s ocho mil docentes, se obligar\u00eda a miles de estudiantes a trasladarse de escuelas en contra de la voluntad de padres y madres, y privatizar\u00e1n cientos de escuelas.<\/span><\/p>\n<\/p>\n<p><span class=\"text1noticias\">La presidenta de la FMPR insisti\u00f3 en que \u00abse establecer\u00e1 un sistema punitivo de evaluaci\u00f3n de maestros que nos dejar\u00e1 a merced de las arbitrariedades de Educaci\u00f3n\u00bb.<\/span><\/p>\n<\/p>\n<p><span class=\"text1noticias\">La portavoz de la organizaci\u00f3n magisterial Educamos, Eva Ayala, exhort\u00f3 a sumarse a la protesta en el denominado D\u00eda Nacional en Defensa de la Escuela P\u00fablica, \u00abya que es fundamental que demos la lucha ahora, antes de que sea tarde\u00bb.<\/span><\/p>\n<h6> 2015-11-17 13:07:28 <\/h6>\n<p><!--\n<link rel=\"stylesheet\" href=\"css\/bootstrap.min.css\">\n\n\n<ul class=\"pagination\">\n\t    \n\t\n\n<li >\n\t<a href='?page_no=22050'>Previous<\/a>\n\t<\/li>\n\n\n       \n    \n\n<li><a href='?page_no=1'>1<\/a><\/li>\n\n\n\n<li><a href='?page_no=2'>2<\/a><\/li>\n\n\n\n<li><a>...<\/a><\/li>\n\n\n\n<li><a href='?page_no=22049'>22049<\/a><\/li>\n\n\n\n<li><a href='?page_no=22050'>22050<\/a><\/li>\n\n\n\n<li class='active'><a>22051<\/a><\/li>\n\n\n\n<li><a href='?page_no=22052'>22052<\/a><\/li>\n\n\n\n<li><a href='?page_no=22053'>22053<\/a><\/li>\n\n\n\n<li><a>...<\/a><\/li>\n\n\n\n<li><a href='?page_no=51012'>51012<\/a><\/li>\n\n\n\n<li><a href='?page_no=51013'>51013<\/a><\/li>\n\n    \n\t\n\n<li >\n\t<a href='?page_no=22052'>Next<\/a>\n\t<\/li>\n\n\n    \n\n<li><a href='?page_no=51013'>Last &rsaquo;&rsaquo;<\/a><\/li>\n\n<\/ul>\n\n\n--><br \/>\n<\/body><\/p>\n","protected":false},"excerpt":{"rendered":"<p>San Juan, 17 nov (PL) El Frente Amplio en Defensa de la Educaci\u00f3n P\u00fablica (Fadep) en Puerto Rico realiza hoy un paro en rechazo a una medida legislativa dirigida a entregar a intereses privados la docencia nacional. La presidenta de la Federaci\u00f3n de Maestros de Puerto Rico (FMPR), Mercedes Mart\u00ednez, expres\u00f3 el temor del sector [&hellip;]<\/p>\n","protected":false},"author":3,"featured_media":0,"comment_status":"open","ping_status":"open","sticky":false,"template":"","format":"standard","meta":{"footnotes":""},"categories":[23],"tags":[],"class_list":["post-252406","post","type-post","status-publish","format-standard","hentry","category-internacional"],"_links":{"self":[{"href":"https:\/\/diariodominicano.com\/index.php?rest_route=\/wp\/v2\/posts\/252406","targetHints":{"allow":["GET"]}}],"collection":[{"href":"https:\/\/diariodominicano.com\/index.php?rest_route=\/wp\/v2\/posts"}],"about":[{"href":"https:\/\/diariodominicano.com\/index.php?rest_route=\/wp\/v2\/types\/post"}],"author":[{"embeddable":true,"href":"https:\/\/diariodominicano.com\/index.php?rest_route=\/wp\/v2\/users\/3"}],"replies":[{"embeddable":true,"href":"https:\/\/diariodominicano.com\/index.php?rest_route=%2Fwp%2Fv2%2Fcomments&post=252406"}],"version-history":[{"count":0,"href":"https:\/\/diariodominicano.com\/index.php?rest_route=\/wp\/v2\/posts\/252406\/revisions"}],"wp:attachment":[{"href":"https:\/\/diariodominicano.com\/index.php?rest_route=%2Fwp%2Fv2%2Fmedia&parent=252406"}],"wp:term":[{"taxonomy":"category","embeddable":true,"href":"https:\/\/diariodominicano.com\/index.php?rest_route=%2Fwp%2Fv2%2Fcategories&post=252406"},{"taxonomy":"post_tag","embeddable":true,"href":"https:\/\/diariodominicano.com\/index.php?rest_route=%2Fwp%2Fv2%2Ftags&post=252406"}],"curies":[{"name":"wp","href":"https:\/\/api.w.org\/{rel}","templated":true}]}}