{"id":252404,"date":"2015-11-17T15:20:09","date_gmt":"2015-11-17T15:20:09","guid":{"rendered":"http:\/\/diariodominicano.ddns.net\/?p=252404"},"modified":"2015-11-17T15:20:09","modified_gmt":"2015-11-17T15:20:09","slug":"liberan-a-sospechosos-de-ataque-en-paris-arrestados-en-alemania","status":"publish","type":"post","link":"https:\/\/diariodominicano.com\/?p=252404","title":{"rendered":"Liberan a sospechosos de ataque en Par\u00eds arrestados en Alemania"},"content":{"rendered":"<p><body><\/p>\n<p><img decoding=\"async\" src=\"img3\/Policiaalemana.jpg\" \/>  <\/p>\n<p><span class=\"text1noticias\">     BERLIN, 17 nov (Xinhua) &#8212; Siete sospechosos arrestados en la localidad fronteriza alemana de Aachen, cerca de B\u00e9lgica y Holanda, por su posible conexi\u00f3n con los ataques de Par\u00eds del 13 de noviembre, fueron liberados m\u00e1s tarde, inform\u00f3 el medio alem\u00e1n Focus Online.<\/span><\/p>\n<\/p>\n<p><span class=\"text1noticias\">     \u00abNo tenemos conocimiento de que las personas est\u00e9n asociadas con los ataques\u00bb, dijo hoy por la noche un vocero de la polic\u00eda a los medios alemanes.<\/span><\/p>\n<\/p>\n<p><span class=\"text1noticias\">     El ministro del Interior de Alemania, Thomas de Maiziere, tambi\u00e9n anunci\u00f3 en una declaraci\u00f3n que hasta el momento, al parecer no hay ninguna \u00abestrecha conexi\u00f3n\u00bb con los ataques en Par\u00eds.<\/span><\/p>\n<\/p>\n<p><span class=\"text1noticias\">     El ministro enfatiz\u00f3 que hubo m\u00e1s preocupaci\u00f3n por el hecho de que uno de los culpables huyera al pa\u00eds vecino de Francia. Como resultado, es correcto seguir reforzando los controles fronterizos, indic\u00f3.<\/span><\/p>\n<\/p>\n<p><span class=\"text1noticias\">     Medios alemanes informaron con anterioridad que dos mujeres y un hombres fueron arrestados en un centro de empleo de la ciudad y que otros cuatro sospechosos fueron arrestados.<\/span><\/p>\n<\/p>\n<p><span class=\"text1noticias\">     \u00abHemos recibido indicios de que uno de los pr\u00f3fugos en el contexto de Par\u00eds podr\u00eda estar en nuestra \u00e1rea\u00bb, indic\u00f3 un informe que cit\u00f3 al vocero de la polic\u00eda.<\/span><\/p>\n<\/p>\n<p><span class=\"text1noticias\">     Al menos 129 personas murieron y m\u00e1s de 300 resultaron lesionadas en los ataques ocurridos el viernes pasado en Par\u00eds.<\/span> <\/p>\n<h6> 2015-11-17 15:20:09 <\/h6>\n<p><!--\n<link rel=\"stylesheet\" href=\"css\/bootstrap.min.css\">\n\n\n<ul class=\"pagination\">\n\t    \n\t\n\n<li >\n\t<a href='?page_no=22048'>Previous<\/a>\n\t<\/li>\n\n\n       \n    \n\n<li><a href='?page_no=1'>1<\/a><\/li>\n\n\n\n<li><a href='?page_no=2'>2<\/a><\/li>\n\n\n\n<li><a>...<\/a><\/li>\n\n\n\n<li><a href='?page_no=22047'>22047<\/a><\/li>\n\n\n\n<li><a href='?page_no=22048'>22048<\/a><\/li>\n\n\n\n<li class='active'><a>22049<\/a><\/li>\n\n\n\n<li><a href='?page_no=22050'>22050<\/a><\/li>\n\n\n\n<li><a href='?page_no=22051'>22051<\/a><\/li>\n\n\n\n<li><a>...<\/a><\/li>\n\n\n\n<li><a href='?page_no=51012'>51012<\/a><\/li>\n\n\n\n<li><a href='?page_no=51013'>51013<\/a><\/li>\n\n    \n\t\n\n<li >\n\t<a href='?page_no=22050'>Next<\/a>\n\t<\/li>\n\n\n    \n\n<li><a href='?page_no=51013'>Last &rsaquo;&rsaquo;<\/a><\/li>\n\n<\/ul>\n\n\n--><br \/>\n<\/body><\/p>\n","protected":false},"excerpt":{"rendered":"<p>BERLIN, 17 nov (Xinhua) &#8212; Siete sospechosos arrestados en la localidad fronteriza alemana de Aachen, cerca de B\u00e9lgica y Holanda, por su posible conexi\u00f3n con los ataques de Par\u00eds del 13 de noviembre, fueron liberados m\u00e1s tarde, inform\u00f3 el medio alem\u00e1n Focus Online. \u00abNo tenemos conocimiento de que las personas est\u00e9n asociadas con los ataques\u00bb, [&hellip;]<\/p>\n","protected":false},"author":3,"featured_media":0,"comment_status":"open","ping_status":"open","sticky":false,"template":"","format":"standard","meta":{"footnotes":""},"categories":[23],"tags":[],"class_list":["post-252404","post","type-post","status-publish","format-standard","hentry","category-internacional"],"_links":{"self":[{"href":"https:\/\/diariodominicano.com\/index.php?rest_route=\/wp\/v2\/posts\/252404","targetHints":{"allow":["GET"]}}],"collection":[{"href":"https:\/\/diariodominicano.com\/index.php?rest_route=\/wp\/v2\/posts"}],"about":[{"href":"https:\/\/diariodominicano.com\/index.php?rest_route=\/wp\/v2\/types\/post"}],"author":[{"embeddable":true,"href":"https:\/\/diariodominicano.com\/index.php?rest_route=\/wp\/v2\/users\/3"}],"replies":[{"embeddable":true,"href":"https:\/\/diariodominicano.com\/index.php?rest_route=%2Fwp%2Fv2%2Fcomments&post=252404"}],"version-history":[{"count":0,"href":"https:\/\/diariodominicano.com\/index.php?rest_route=\/wp\/v2\/posts\/252404\/revisions"}],"wp:attachment":[{"href":"https:\/\/diariodominicano.com\/index.php?rest_route=%2Fwp%2Fv2%2Fmedia&parent=252404"}],"wp:term":[{"taxonomy":"category","embeddable":true,"href":"https:\/\/diariodominicano.com\/index.php?rest_route=%2Fwp%2Fv2%2Fcategories&post=252404"},{"taxonomy":"post_tag","embeddable":true,"href":"https:\/\/diariodominicano.com\/index.php?rest_route=%2Fwp%2Fv2%2Ftags&post=252404"}],"curies":[{"name":"wp","href":"https:\/\/api.w.org\/{rel}","templated":true}]}}