{"id":252403,"date":"2015-11-17T18:05:20","date_gmt":"2015-11-17T18:05:20","guid":{"rendered":"http:\/\/diariodominicano.ddns.net\/?p=252403"},"modified":"2015-11-17T18:05:20","modified_gmt":"2015-11-17T18:05:20","slug":"hay-un-noveno-agresor-involucrado-en-ataques-en-paris","status":"publish","type":"post","link":"https:\/\/diariodominicano.com\/?p=252403","title":{"rendered":"Hay un noveno agresor involucrado en ataques en Par\u00eds"},"content":{"rendered":"<p><body><\/p>\n<p><img decoding=\"async\" src=\"img3\/Paris3.jpg\" \/>  <\/p>\n<p>PARIS, 17 nov (Xinhua) &#8212; Hubo un noveno agresor involucrado en los letales ataques del viernes en Par\u00eds, inform\u00f3 hoy por la noche Le Figaro que cit\u00f3 a investigadores.<\/p>\n<\/p>\n<p>Hasta el momento, los investigadores creen que hubo nueve terroristas involucrados en los ataques, se indic\u00f3 en el informe, y la investigaci\u00f3n encabezada por la Subdirecci\u00f3n de combate al Terrorismo (SDAT), la Brigada Criminal de Par\u00eds y la Direcci\u00f3n General de Seguridad Interna contin\u00faa.<\/p>\n<\/p>\n<p>\u00abUn tercer hombre estaba a bordo\u00bb del veh\u00edculo utilizado para realizar los ataques en los caf\u00e9s al aire libre en los distritos d\u00e9cimo y und\u00e9cimo de Par\u00eds, dijo una fuente de la polic\u00eda citada por Le Figaro.<\/p>\n<\/p>\n<p>\u00abLos investigadores ahora est\u00e1n seguros despu\u00e9s de ver las cintas de las c\u00e1maras de video. El veh\u00edculo fue encontrado la noche del domingo abandonado en Montreuil-sous-Bois con tres Kalashnikov adentro\u00bb, inform\u00f3 el diario.<\/p>\n<\/p>\n<p>Los investigadores tambi\u00e9n lograron avances en el rastreo del pasaporte sirio encontrado cerca del estadio nacional franc\u00e9s Stade de France con el nombre de Ahmad al Mohammad, quien fue muerto hace varios meses y era ex soldado del presidente sirio Bashar al-Assad, se indic\u00f3 en el informe.<\/p>\n<\/p>\n<p>Las huellas dactilares del agresor suicida coinciden con las obtenidas durante un registro en Grecia en octubre de 2015.<\/p>\n<\/p>\n<p>Los ataques del viernes pasado en Par\u00eds dejaron al menos 129 muertos y cientos de heridos.<\/p>\n<h6> 2015-11-17 18:05:20 <\/h6>\n<p><!--\n<link rel=\"stylesheet\" href=\"css\/bootstrap.min.css\">\n\n\n<ul class=\"pagination\">\n\t    \n\t\n\n<li >\n\t<a href='?page_no=22047'>Previous<\/a>\n\t<\/li>\n\n\n       \n    \n\n<li><a href='?page_no=1'>1<\/a><\/li>\n\n\n\n<li><a href='?page_no=2'>2<\/a><\/li>\n\n\n\n<li><a>...<\/a><\/li>\n\n\n\n<li><a href='?page_no=22046'>22046<\/a><\/li>\n\n\n\n<li><a href='?page_no=22047'>22047<\/a><\/li>\n\n\n\n<li class='active'><a>22048<\/a><\/li>\n\n\n\n<li><a href='?page_no=22049'>22049<\/a><\/li>\n\n\n\n<li><a href='?page_no=22050'>22050<\/a><\/li>\n\n\n\n<li><a>...<\/a><\/li>\n\n\n\n<li><a href='?page_no=51012'>51012<\/a><\/li>\n\n\n\n<li><a href='?page_no=51013'>51013<\/a><\/li>\n\n    \n\t\n\n<li >\n\t<a href='?page_no=22049'>Next<\/a>\n\t<\/li>\n\n\n    \n\n<li><a href='?page_no=51013'>Last &rsaquo;&rsaquo;<\/a><\/li>\n\n<\/ul>\n\n\n--><br \/>\n<\/body><\/p>\n","protected":false},"excerpt":{"rendered":"<p>PARIS, 17 nov (Xinhua) &#8212; Hubo un noveno agresor involucrado en los letales ataques del viernes en Par\u00eds, inform\u00f3 hoy por la noche Le Figaro que cit\u00f3 a investigadores. Hasta el momento, los investigadores creen que hubo nueve terroristas involucrados en los ataques, se indic\u00f3 en el informe, y la investigaci\u00f3n encabezada por la Subdirecci\u00f3n [&hellip;]<\/p>\n","protected":false},"author":3,"featured_media":0,"comment_status":"open","ping_status":"open","sticky":false,"template":"","format":"standard","meta":{"footnotes":""},"categories":[23],"tags":[],"class_list":["post-252403","post","type-post","status-publish","format-standard","hentry","category-internacional"],"_links":{"self":[{"href":"https:\/\/diariodominicano.com\/index.php?rest_route=\/wp\/v2\/posts\/252403","targetHints":{"allow":["GET"]}}],"collection":[{"href":"https:\/\/diariodominicano.com\/index.php?rest_route=\/wp\/v2\/posts"}],"about":[{"href":"https:\/\/diariodominicano.com\/index.php?rest_route=\/wp\/v2\/types\/post"}],"author":[{"embeddable":true,"href":"https:\/\/diariodominicano.com\/index.php?rest_route=\/wp\/v2\/users\/3"}],"replies":[{"embeddable":true,"href":"https:\/\/diariodominicano.com\/index.php?rest_route=%2Fwp%2Fv2%2Fcomments&post=252403"}],"version-history":[{"count":0,"href":"https:\/\/diariodominicano.com\/index.php?rest_route=\/wp\/v2\/posts\/252403\/revisions"}],"wp:attachment":[{"href":"https:\/\/diariodominicano.com\/index.php?rest_route=%2Fwp%2Fv2%2Fmedia&parent=252403"}],"wp:term":[{"taxonomy":"category","embeddable":true,"href":"https:\/\/diariodominicano.com\/index.php?rest_route=%2Fwp%2Fv2%2Fcategories&post=252403"},{"taxonomy":"post_tag","embeddable":true,"href":"https:\/\/diariodominicano.com\/index.php?rest_route=%2Fwp%2Fv2%2Ftags&post=252403"}],"curies":[{"name":"wp","href":"https:\/\/api.w.org\/{rel}","templated":true}]}}