{"id":252401,"date":"2015-11-17T18:31:58","date_gmt":"2015-11-17T18:31:58","guid":{"rendered":"http:\/\/diariodominicano.ddns.net\/?p=252401"},"modified":"2015-11-17T18:31:58","modified_gmt":"2015-11-17T18:31:58","slug":"oposicion-en-haiti-convoca-a-protestas-tras-encuentro-con-organo-electoral","status":"publish","type":"post","link":"https:\/\/diariodominicano.com\/?p=252401","title":{"rendered":"Oposici\u00f3n en Hait\u00ed convoca a protestas tras encuentro con \u00f3rgano electoral"},"content":{"rendered":"<p><body><\/p>\n<p><span class=\"text1noticias\">Hait\u00ed, 17 nov (Xinhua) &#8212; Candidatos opositores a la presidencia en Hait\u00ed convocaron a mantener las protestas contra los resultados de las elecciones presidenciales en ese pa\u00eds, tras el infructuoso encuentro que sostuvieron con representantes del \u00f3rgano electoral.<\/span><\/p>\n<\/p>\n<p><span class=\"text1noticias\">     En una misiva dirigida a los postulantes, el Consejo Electoral Provisional (CEP) se\u00f1al\u00f3 que no cuenta con las disposiciones legales para crear una comisi\u00f3n independiente para la verificaci\u00f3n de las denuncias de fraude electoral, como reclaman los candidatos presidenciales.<\/span><\/p>\n<\/p>\n<p><span class=\"text1noticias\">     El \u00f3rgano electoral cre\u00f3 una comisi\u00f3n de cinco miembros para evaluar un total de 43 casos de 162 denuncias presentadas.<\/span><\/p>\n<\/p>\n<p><span class=\"text1noticias\">     Adem\u00e1s, de 296 actas electorales retenidas para investigaci\u00f3n, elev\u00f3 a 490 el n\u00famero de oficios sometidos a escrutinio.<\/span><\/p>\n<\/p>\n<p><span class=\"text1noticias\">     Pero la oposici\u00f3n, encabezada por la plataforma Pitit Dessalines, insisti\u00f3 en una revisi\u00f3n imparcial de las denuncias y lanz\u00f3 una serie de manifestaciones que desde el pasado 5 de noviembre, d\u00eda que se anunciaron los resultados, han dejado hasta ahora un muerto y varios detenidos.<\/span><\/p>\n<\/p>\n<p><span class=\"text1noticias\">     \u00abEl decreto electoral (que rige el proceso) no dispone de ninguna previsi\u00f3n legal para la formaci\u00f3n de tal comisi\u00f3n\u00bb, se\u00f1al\u00f3 el organismo.<\/span><\/p>\n<\/p>\n<p><span class=\"text1noticias\">     Steven Benoit, Eric Jean Baptiste, Mario Andr\u00e9sol, Samuel Madistin, Jean Henry Ceant, Jude Celestin y Moise Jean Charles acogieron el lunes una invitaci\u00f3n del presidente del CEP, Pierre-Louis Opont, acusado de favorecer al candidato oficialista, Jovenel Moise, en los comicios del 25 de octubre.<\/span><\/p>\n<\/p>\n<p><span class=\"text1noticias\">     Horas despu\u00e9s de la reuni\u00f3n, la consejera electoral Marie Carmel Paul-Austin dijo a periodistas en Hait\u00ed que el organismo iba a tener una respuesta este martes.<\/span><\/p>\n<\/p>\n<p><span class=\"text1noticias\">     \u00abLa movilizaci\u00f3n de las calles debe continuar hasta nuevo aviso, incluso si hubi\u00e9ramos tenido \u00e9xito en la formaci\u00f3n de la comisi\u00f3n de investigaci\u00f3n\u00bb, afirm\u00f3 Jean Charles, quien rechaz\u00f3 la detenci\u00f3n de dos activistas de la plataforma y la \u00abpersecuci\u00f3n pol\u00edtica en contra de sus partidarios\u00bb.<\/span><\/p>\n<\/p>\n<p><span class=\"text1noticias\">     Entre tanto, el partido Fanmi Lavalas anunci\u00f3 el lunes dos nuevas manifestaciones este mi\u00e9rcoles 18 y el viernes 20 en la capital para \u00abexigir el respeto del voto popular\u00bb.<\/span><\/p>\n<\/p>\n<p><span class=\"text1noticias\">     La marcha del 18 coincidir\u00e1 con el 212 aniversario de la batalla de Vertieres que sell\u00f3 la independencia haitiana en 1804.<\/span><\/p>\n<\/p>\n<p><span class=\"text1noticias\">     Desde la publicaci\u00f3n de los resultados hasta el pasado 12 de noviembre se han realizado en 20 protestas relacionadas con las elecciones se han producido en el pa\u00eds seg\u00fan el Observatorio Ciudadano para Institucionalizar la Democracia (OCID), un organismo de observaci\u00f3n electoral independiente.<\/span><\/p>\n<\/p>\n<p><span class=\"text1noticias\">     Las protestas denuncian la manipulaci\u00f3n de actas electorales y alteraci\u00f3n de urnas, adem\u00e1s reclaman la expulsi\u00f3n de la carrera electoral del candidato oficialista y la liberaci\u00f3n de partidarios arrestados de Pitit Dessalines.<\/span><\/p>\n<\/p>\n<p><span class=\"text1noticias\">     Hait\u00ed trata de superar una prolongada crisis pol\u00edtica que, tras forzar la dimisi\u00f3n del anterior primer ministro Laurent Lamothe a principios de a\u00f1o, dej\u00f3 sin funciones al parlamento debido al prolongado retraso en la organizaci\u00f3n de comicios.<\/span><\/p>\n<\/p>\n<p><span class=\"text1noticias\">     Las autoridades electorales de ese pa\u00eds publicaron el pasado domingo los resultados de los comicios legislativos en segunda vuelta, los cuales se realizaron tambi\u00e9n el pasado 25 de octubre.<\/span><\/p>\n<\/p>\n<p><span class=\"text1noticias\">     El primer ministro haitiano Evans Paul se mostr\u00f3 el pasado fin de semana abierto a una revisi\u00f3n de los resultados de las elecciones presidenciales, pero expres\u00f3 su reparo sobre c\u00f3mo hacerla efectiva.  <\/span><\/p>\n<\/p>\n<p><span class=\"text1noticias\">     \u00abLa pregunta es qui\u00e9n va a asumir esta comisi\u00f3n, porque la crisis de confianza no perdona a nadie en Hait\u00ed\u00bb, dijo Paul a periodistas en ese pa\u00eds.<\/span> <\/p>\n<h6> 2015-11-17 18:31:58 <\/h6>\n<p><!--\n<link rel=\"stylesheet\" href=\"css\/bootstrap.min.css\">\n\n\n<ul class=\"pagination\">\n\t    \n\t\n\n<li >\n\t<a href='?page_no=22045'>Previous<\/a>\n\t<\/li>\n\n\n       \n    \n\n<li><a href='?page_no=1'>1<\/a><\/li>\n\n\n\n<li><a href='?page_no=2'>2<\/a><\/li>\n\n\n\n<li><a>...<\/a><\/li>\n\n\n\n<li><a href='?page_no=22044'>22044<\/a><\/li>\n\n\n\n<li><a href='?page_no=22045'>22045<\/a><\/li>\n\n\n\n<li class='active'><a>22046<\/a><\/li>\n\n\n\n<li><a href='?page_no=22047'>22047<\/a><\/li>\n\n\n\n<li><a href='?page_no=22048'>22048<\/a><\/li>\n\n\n\n<li><a>...<\/a><\/li>\n\n\n\n<li><a href='?page_no=51012'>51012<\/a><\/li>\n\n\n\n<li><a href='?page_no=51013'>51013<\/a><\/li>\n\n    \n\t\n\n<li >\n\t<a href='?page_no=22047'>Next<\/a>\n\t<\/li>\n\n\n    \n\n<li><a href='?page_no=51013'>Last &rsaquo;&rsaquo;<\/a><\/li>\n\n<\/ul>\n\n\n--><br \/>\n<\/body><\/p>\n","protected":false},"excerpt":{"rendered":"<p>Hait\u00ed, 17 nov (Xinhua) &#8212; Candidatos opositores a la presidencia en Hait\u00ed convocaron a mantener las protestas contra los resultados de las elecciones presidenciales en ese pa\u00eds, tras el infructuoso encuentro que sostuvieron con representantes del \u00f3rgano electoral. En una misiva dirigida a los postulantes, el Consejo Electoral Provisional (CEP) se\u00f1al\u00f3 que no cuenta con [&hellip;]<\/p>\n","protected":false},"author":3,"featured_media":0,"comment_status":"open","ping_status":"open","sticky":false,"template":"","format":"standard","meta":{"footnotes":""},"categories":[23],"tags":[],"class_list":["post-252401","post","type-post","status-publish","format-standard","hentry","category-internacional"],"_links":{"self":[{"href":"https:\/\/diariodominicano.com\/index.php?rest_route=\/wp\/v2\/posts\/252401","targetHints":{"allow":["GET"]}}],"collection":[{"href":"https:\/\/diariodominicano.com\/index.php?rest_route=\/wp\/v2\/posts"}],"about":[{"href":"https:\/\/diariodominicano.com\/index.php?rest_route=\/wp\/v2\/types\/post"}],"author":[{"embeddable":true,"href":"https:\/\/diariodominicano.com\/index.php?rest_route=\/wp\/v2\/users\/3"}],"replies":[{"embeddable":true,"href":"https:\/\/diariodominicano.com\/index.php?rest_route=%2Fwp%2Fv2%2Fcomments&post=252401"}],"version-history":[{"count":0,"href":"https:\/\/diariodominicano.com\/index.php?rest_route=\/wp\/v2\/posts\/252401\/revisions"}],"wp:attachment":[{"href":"https:\/\/diariodominicano.com\/index.php?rest_route=%2Fwp%2Fv2%2Fmedia&parent=252401"}],"wp:term":[{"taxonomy":"category","embeddable":true,"href":"https:\/\/diariodominicano.com\/index.php?rest_route=%2Fwp%2Fv2%2Fcategories&post=252401"},{"taxonomy":"post_tag","embeddable":true,"href":"https:\/\/diariodominicano.com\/index.php?rest_route=%2Fwp%2Fv2%2Ftags&post=252401"}],"curies":[{"name":"wp","href":"https:\/\/api.w.org\/{rel}","templated":true}]}}