{"id":252398,"date":"2015-11-17T21:46:58","date_gmt":"2015-11-17T21:46:58","guid":{"rendered":"http:\/\/diariodominicano.ddns.net\/?p=252398"},"modified":"2015-11-17T21:46:58","modified_gmt":"2015-11-17T21:46:58","slug":"presidencia-francesa-anuncia-fechas-de-reunion-de-hollande-con-obama-y-putin","status":"publish","type":"post","link":"https:\/\/diariodominicano.com\/?p=252398","title":{"rendered":"Presidencia francesa anuncia fechas de reuni\u00f3n de Hollande con Obama y Putin"},"content":{"rendered":"<p><body><\/p>\n<p>PARIS, 17 nov (Xinhua) &#8212; El presidente de Francia, Francois Hollande, se va a reunir con su hom\u00f3logo de Estados Unidos, Barack Obama, el 24 de noviembre en Washington, y con el presidente de Rusia, Vladimir Putin, el 26 del mismo mes en Mosc\u00fa, anunci\u00f3 hoy el Palacio El\u00edseo, la presidencia francesa.<\/p>\n<\/p>\n<p>Con el fin de formar \u00abuna gran coalici\u00f3n\u00bb que haga frente a los terroristas en Siria, el jefe de Estado franc\u00e9s convers\u00f3 hoy por tel\u00e9fono con Putin para preparar su visita, y pidi\u00f3 \u00abcoordinaci\u00f3n de esfuerzos\u00bb para combatir al Estado Isl\u00e1mico (EI).<\/p>\n<\/p>\n<p>\u00abMe reunir\u00e9 en los d\u00edas pr\u00f3ximos con el presidente Obama y con el presidente Putin para unir nuestras fuerzas y alcanzar un resultado que se ha aplazado demasiado tiempo\u00bb, dijo el lunes Hollande ante los parlamentarios franceses en Versalles.<\/p>\n<\/p>\n<p>Tiroteos simult\u00e1neos, uno de ellos con toma de rehenes, y estallidos de artefactos explosivos en restaurantes, en una sala de conciertos y en el estadio nacional en Par\u00eds la noche del 13 de noviembre causaron la muerte a por lo menos 129 personas y heridas a cientos m\u00e1s.<\/p>\n<\/p>\n<p>Cinco atacantes suicidas han sido identificados, pero el principal sospechoso, Salah Abdeslam, sigue pr\u00f3fugo.<\/p>\n<h6> 2015-11-17 21:46:58 <\/h6>\n<p><!--\n<link rel=\"stylesheet\" href=\"css\/bootstrap.min.css\">\n\n\n<ul class=\"pagination\">\n\t    \n\t\n\n<li >\n\t<a href='?page_no=22042'>Previous<\/a>\n\t<\/li>\n\n\n       \n    \n\n<li><a href='?page_no=1'>1<\/a><\/li>\n\n\n\n<li><a href='?page_no=2'>2<\/a><\/li>\n\n\n\n<li><a>...<\/a><\/li>\n\n\n\n<li><a href='?page_no=22041'>22041<\/a><\/li>\n\n\n\n<li><a href='?page_no=22042'>22042<\/a><\/li>\n\n\n\n<li class='active'><a>22043<\/a><\/li>\n\n\n\n<li><a href='?page_no=22044'>22044<\/a><\/li>\n\n\n\n<li><a href='?page_no=22045'>22045<\/a><\/li>\n\n\n\n<li><a>...<\/a><\/li>\n\n\n\n<li><a href='?page_no=51012'>51012<\/a><\/li>\n\n\n\n<li><a href='?page_no=51013'>51013<\/a><\/li>\n\n    \n\t\n\n<li >\n\t<a href='?page_no=22044'>Next<\/a>\n\t<\/li>\n\n\n    \n\n<li><a href='?page_no=51013'>Last &rsaquo;&rsaquo;<\/a><\/li>\n\n<\/ul>\n\n\n--><br \/>\n<\/body><\/p>\n","protected":false},"excerpt":{"rendered":"<p>PARIS, 17 nov (Xinhua) &#8212; El presidente de Francia, Francois Hollande, se va a reunir con su hom\u00f3logo de Estados Unidos, Barack Obama, el 24 de noviembre en Washington, y con el presidente de Rusia, Vladimir Putin, el 26 del mismo mes en Mosc\u00fa, anunci\u00f3 hoy el Palacio El\u00edseo, la presidencia francesa. Con el fin [&hellip;]<\/p>\n","protected":false},"author":3,"featured_media":0,"comment_status":"open","ping_status":"open","sticky":false,"template":"","format":"standard","meta":{"footnotes":""},"categories":[23],"tags":[],"class_list":["post-252398","post","type-post","status-publish","format-standard","hentry","category-internacional"],"_links":{"self":[{"href":"https:\/\/diariodominicano.com\/index.php?rest_route=\/wp\/v2\/posts\/252398","targetHints":{"allow":["GET"]}}],"collection":[{"href":"https:\/\/diariodominicano.com\/index.php?rest_route=\/wp\/v2\/posts"}],"about":[{"href":"https:\/\/diariodominicano.com\/index.php?rest_route=\/wp\/v2\/types\/post"}],"author":[{"embeddable":true,"href":"https:\/\/diariodominicano.com\/index.php?rest_route=\/wp\/v2\/users\/3"}],"replies":[{"embeddable":true,"href":"https:\/\/diariodominicano.com\/index.php?rest_route=%2Fwp%2Fv2%2Fcomments&post=252398"}],"version-history":[{"count":0,"href":"https:\/\/diariodominicano.com\/index.php?rest_route=\/wp\/v2\/posts\/252398\/revisions"}],"wp:attachment":[{"href":"https:\/\/diariodominicano.com\/index.php?rest_route=%2Fwp%2Fv2%2Fmedia&parent=252398"}],"wp:term":[{"taxonomy":"category","embeddable":true,"href":"https:\/\/diariodominicano.com\/index.php?rest_route=%2Fwp%2Fv2%2Fcategories&post=252398"},{"taxonomy":"post_tag","embeddable":true,"href":"https:\/\/diariodominicano.com\/index.php?rest_route=%2Fwp%2Fv2%2Ftags&post=252398"}],"curies":[{"name":"wp","href":"https:\/\/api.w.org\/{rel}","templated":true}]}}