{"id":252397,"date":"2015-11-17T22:09:06","date_gmt":"2015-11-17T22:09:06","guid":{"rendered":"http:\/\/diariodominicano.ddns.net\/?p=252397"},"modified":"2015-11-17T22:09:06","modified_gmt":"2015-11-17T22:09:06","slug":"tiroteo-en-el-metro-de-nueva-york-deja-dos-heridos","status":"publish","type":"post","link":"https:\/\/diariodominicano.com\/?p=252397","title":{"rendered":"Tiroteo en el metro de Nueva York deja dos heridos"},"content":{"rendered":"<p><body><\/p>\n<p><img decoding=\"async\" src=\"img3\/tiri.jpg\" \/>  <\/p>\n<p>martes, 17 de noviembre de 2015 &#8211; 8:04 PM<\/p>\n<p>Por Agencia EFE<\/p>\n<\/p>\n<p>La seguridad aument\u00f3 en el metro de Nueva York tras los atentados terroristas en Par\u00eds. (AFP)<\/p>\n<\/p>\n<p>Nueva York &#8211; Un tiroteo en una estaci\u00f3n del metro de Nueva York en plena hora punta dej\u00f3 hoy dos heridos, uno de ellos en situaci\u00f3n grave, informaron hoy medios locales.<\/p>\n<\/p>\n<p>El tiroteo se produjo cerca de las 5 de la tarde hora local en la estaci\u00f3n de Utica Avenue, en el distrito de Brooklyn.<\/p>\n<\/p>\n<p>Una de las v\u00edctimas se encuentra en situaci\u00f3n grave mientras que a\u00fan no trascendi\u00f3 el estado de la segunda v\u00edctima.<\/p>\n<\/p>\n<p>Seg\u00fan fuentes policiales, un hombre que vest\u00eda una sudadera gris huy\u00f3 de la zona poco despu\u00e9s de oirse los disparos.<\/p>\n<\/p>\n<p>La estaci\u00f3n de Utica Avenue es una de las m\u00e1s concurridas en el distrito de Brooklyn, con m\u00e1s de 15,000 pasajeros a diario.<\/p>\n<\/p>\n<p>Se interrumpi\u00f3 el servicio en la estaci\u00f3n mientras dura la investigaci\u00f3n policial.<\/p>\n<h6> 2015-11-17 22:09:06 <\/h6>\n<p><!--\n<link rel=\"stylesheet\" href=\"css\/bootstrap.min.css\">\n\n\n<ul class=\"pagination\">\n\t    \n\t\n\n<li >\n\t<a href='?page_no=22041'>Previous<\/a>\n\t<\/li>\n\n\n       \n    \n\n<li><a href='?page_no=1'>1<\/a><\/li>\n\n\n\n<li><a href='?page_no=2'>2<\/a><\/li>\n\n\n\n<li><a>...<\/a><\/li>\n\n\n\n<li><a href='?page_no=22040'>22040<\/a><\/li>\n\n\n\n<li><a href='?page_no=22041'>22041<\/a><\/li>\n\n\n\n<li class='active'><a>22042<\/a><\/li>\n\n\n\n<li><a href='?page_no=22043'>22043<\/a><\/li>\n\n\n\n<li><a href='?page_no=22044'>22044<\/a><\/li>\n\n\n\n<li><a>...<\/a><\/li>\n\n\n\n<li><a href='?page_no=51012'>51012<\/a><\/li>\n\n\n\n<li><a href='?page_no=51013'>51013<\/a><\/li>\n\n    \n\t\n\n<li >\n\t<a href='?page_no=22043'>Next<\/a>\n\t<\/li>\n\n\n    \n\n<li><a href='?page_no=51013'>Last &rsaquo;&rsaquo;<\/a><\/li>\n\n<\/ul>\n\n\n--><br \/>\n<\/body><\/p>\n","protected":false},"excerpt":{"rendered":"<p>martes, 17 de noviembre de 2015 &#8211; 8:04 PM Por Agencia EFE La seguridad aument\u00f3 en el metro de Nueva York tras los atentados terroristas en Par\u00eds. (AFP) Nueva York &#8211; Un tiroteo en una estaci\u00f3n del metro de Nueva York en plena hora punta dej\u00f3 hoy dos heridos, uno de ellos en situaci\u00f3n grave, [&hellip;]<\/p>\n","protected":false},"author":3,"featured_media":0,"comment_status":"open","ping_status":"open","sticky":false,"template":"","format":"standard","meta":{"footnotes":""},"categories":[23],"tags":[],"class_list":["post-252397","post","type-post","status-publish","format-standard","hentry","category-internacional"],"_links":{"self":[{"href":"https:\/\/diariodominicano.com\/index.php?rest_route=\/wp\/v2\/posts\/252397","targetHints":{"allow":["GET"]}}],"collection":[{"href":"https:\/\/diariodominicano.com\/index.php?rest_route=\/wp\/v2\/posts"}],"about":[{"href":"https:\/\/diariodominicano.com\/index.php?rest_route=\/wp\/v2\/types\/post"}],"author":[{"embeddable":true,"href":"https:\/\/diariodominicano.com\/index.php?rest_route=\/wp\/v2\/users\/3"}],"replies":[{"embeddable":true,"href":"https:\/\/diariodominicano.com\/index.php?rest_route=%2Fwp%2Fv2%2Fcomments&post=252397"}],"version-history":[{"count":0,"href":"https:\/\/diariodominicano.com\/index.php?rest_route=\/wp\/v2\/posts\/252397\/revisions"}],"wp:attachment":[{"href":"https:\/\/diariodominicano.com\/index.php?rest_route=%2Fwp%2Fv2%2Fmedia&parent=252397"}],"wp:term":[{"taxonomy":"category","embeddable":true,"href":"https:\/\/diariodominicano.com\/index.php?rest_route=%2Fwp%2Fv2%2Fcategories&post=252397"},{"taxonomy":"post_tag","embeddable":true,"href":"https:\/\/diariodominicano.com\/index.php?rest_route=%2Fwp%2Fv2%2Ftags&post=252397"}],"curies":[{"name":"wp","href":"https:\/\/api.w.org\/{rel}","templated":true}]}}