{"id":252396,"date":"2015-11-18T10:13:43","date_gmt":"2015-11-18T10:13:43","guid":{"rendered":"http:\/\/diariodominicano.ddns.net\/?p=252396"},"modified":"2015-11-18T10:13:43","modified_gmt":"2015-11-18T10:13:43","slug":"el-portaaviones-frances-charles-de-gaulle-zarpa-al-mediterraneo-oriental","status":"publish","type":"post","link":"https:\/\/diariodominicano.com\/?p=252396","title":{"rendered":"El portaaviones franc\u00e9s Charles de Gaulle zarpa al Mediterr\u00e1neo oriental"},"content":{"rendered":"<p><body><\/p>\n<p><img decoding=\"async\" src=\"img3\/porta 18.jpg\" \/><br \/><img decoding=\"async\" src=\"img3\/porta 5.jpg\" \/>  <\/p>\n<p>Par\u00eds, Francia, 18 noviembre (EFE).- El portaaviones Charles de Gaulle, buque insignia de la armada francesa, zarp\u00f3 hoy hacia el Mediterr\u00e1neo oriental, donde triplicar\u00e1 la capacidad operativa actual de Francia contra el Estado Isl\u00e1mico (EI), indic\u00f3 el presidente galo, Fran\u00e7ois Hollande.<\/p>\n<\/p>\n<p>Durante un discurso pronunciado ante la Asamblea de Alcaldes de Francia, el jefe del Estado inscribi\u00f3 el env\u00edo del buque dentro de la \u00abguerra contra el terrorismo\u00bb lanzada tras los atentados que el pasado viernes costaron la vida a 129 personas en Par\u00eds y Saint Denis.<\/p>\n<\/p>\n<p>Hollande reiter\u00f3 que Francia est\u00e1 intensificando los bombardeos contra objetivos del EI, que en la actualidad se efect\u00faan desde las bases francesas en Emiratos \u00c1rabes Unidos y Jordania.<\/p>\n<\/p>\n<p>El presidente franc\u00e9s indic\u00f3 que ha pedido a la comunidad internacional que contribuya en la ofensiva contra los yihadistas y asegur\u00f3 que contin\u00faa reuniendo apoyos en el plano diplom\u00e1tico.<\/p>\n<\/p>\n<p>\u00abFrancia trabajar\u00e1 para crear esa gran coalici\u00f3n que propine los golpes decisivos contra el EI\u00bb, afirm\u00f3 Hollande.<\/p>\n<\/p>\n<p>Reconoci\u00f3 que \u00abno todos los pa\u00edses tienen los mismos intereses ni los mismos aliados\u00bb, pero se\u00f1al\u00f3 que el enemigo \u00abamenaza al mundo entero y no a unos pa\u00edses m\u00e1s que a otros\u00bb.<\/p>\n<\/p>\n<p>\u00abConducir\u00e9 esta misi\u00f3n y Francia tendr\u00e1 que jugar, con su ej\u00e9rcito, un papel preponderante en la resoluci\u00f3n de este conflicto, en el plano militar y diplom\u00e1tico\u00bb, se\u00f1al\u00f3. <\/p>\n<\/p>\n<h6> 2015-11-18 10:13:43 <\/h6>\n<p><!--\n<link rel=\"stylesheet\" href=\"css\/bootstrap.min.css\">\n\n\n<ul class=\"pagination\">\n\t    \n\t\n\n<li >\n\t<a href='?page_no=22040'>Previous<\/a>\n\t<\/li>\n\n\n       \n    \n\n<li><a href='?page_no=1'>1<\/a><\/li>\n\n\n\n<li><a href='?page_no=2'>2<\/a><\/li>\n\n\n\n<li><a>...<\/a><\/li>\n\n\n\n<li><a href='?page_no=22039'>22039<\/a><\/li>\n\n\n\n<li><a href='?page_no=22040'>22040<\/a><\/li>\n\n\n\n<li class='active'><a>22041<\/a><\/li>\n\n\n\n<li><a href='?page_no=22042'>22042<\/a><\/li>\n\n\n\n<li><a href='?page_no=22043'>22043<\/a><\/li>\n\n\n\n<li><a>...<\/a><\/li>\n\n\n\n<li><a href='?page_no=51012'>51012<\/a><\/li>\n\n\n\n<li><a href='?page_no=51013'>51013<\/a><\/li>\n\n    \n\t\n\n<li >\n\t<a href='?page_no=22042'>Next<\/a>\n\t<\/li>\n\n\n    \n\n<li><a href='?page_no=51013'>Last &rsaquo;&rsaquo;<\/a><\/li>\n\n<\/ul>\n\n\n--><br \/>\n<\/body><\/p>\n","protected":false},"excerpt":{"rendered":"<p>Par\u00eds, Francia, 18 noviembre (EFE).- El portaaviones Charles de Gaulle, buque insignia de la armada francesa, zarp\u00f3 hoy hacia el Mediterr\u00e1neo oriental, donde triplicar\u00e1 la capacidad operativa actual de Francia contra el Estado Isl\u00e1mico (EI), indic\u00f3 el presidente galo, Fran\u00e7ois Hollande. Durante un discurso pronunciado ante la Asamblea de Alcaldes de Francia, el jefe del [&hellip;]<\/p>\n","protected":false},"author":3,"featured_media":0,"comment_status":"open","ping_status":"open","sticky":false,"template":"","format":"standard","meta":{"footnotes":""},"categories":[23],"tags":[],"class_list":["post-252396","post","type-post","status-publish","format-standard","hentry","category-internacional"],"_links":{"self":[{"href":"https:\/\/diariodominicano.com\/index.php?rest_route=\/wp\/v2\/posts\/252396","targetHints":{"allow":["GET"]}}],"collection":[{"href":"https:\/\/diariodominicano.com\/index.php?rest_route=\/wp\/v2\/posts"}],"about":[{"href":"https:\/\/diariodominicano.com\/index.php?rest_route=\/wp\/v2\/types\/post"}],"author":[{"embeddable":true,"href":"https:\/\/diariodominicano.com\/index.php?rest_route=\/wp\/v2\/users\/3"}],"replies":[{"embeddable":true,"href":"https:\/\/diariodominicano.com\/index.php?rest_route=%2Fwp%2Fv2%2Fcomments&post=252396"}],"version-history":[{"count":0,"href":"https:\/\/diariodominicano.com\/index.php?rest_route=\/wp\/v2\/posts\/252396\/revisions"}],"wp:attachment":[{"href":"https:\/\/diariodominicano.com\/index.php?rest_route=%2Fwp%2Fv2%2Fmedia&parent=252396"}],"wp:term":[{"taxonomy":"category","embeddable":true,"href":"https:\/\/diariodominicano.com\/index.php?rest_route=%2Fwp%2Fv2%2Fcategories&post=252396"},{"taxonomy":"post_tag","embeddable":true,"href":"https:\/\/diariodominicano.com\/index.php?rest_route=%2Fwp%2Fv2%2Ftags&post=252396"}],"curies":[{"name":"wp","href":"https:\/\/api.w.org\/{rel}","templated":true}]}}