{"id":252394,"date":"2015-11-18T12:29:42","date_gmt":"2015-11-18T12:29:42","guid":{"rendered":"http:\/\/diariodominicano.ddns.net\/?p=252394"},"modified":"2015-11-18T12:29:42","modified_gmt":"2015-11-18T12:29:42","slug":"farc-ep-critica-unilateralismos-del-gobierno-en-proceso-de-paz","status":"publish","type":"post","link":"https:\/\/diariodominicano.com\/?p=252394","title":{"rendered":"FARC-EP critica unilateralismos del gobierno en proceso de paz"},"content":{"rendered":"<p><body><\/p>\n<\/p>\n<p>La Habana, 18 nov (PL) Las insurgentes FARC-EP manifestaron hoy que el unilateralismo del gobierno del presidente Juan Manuel Santos en los di\u00e1logos para la paz de Colombia pone en peligro la estabilidad de lo alcanzado en ese proceso.<\/p>\n<\/p>\n<p>En el contexto de las conversaciones que desarrollan las partes en esta capital desde 2012, las Fuerzas Armadas Revolucionarias de Colombia-Ej\u00e9rcito del Pueblo (FARC-EP) expresaron su apoyo al di\u00e1logo como instrumento de paz, as\u00ed como su rechazo a los unilateralismos, que afectan al proceso destinado a poner fin al conflicto en ese pa\u00eds.<\/p>\n<\/p>\n<p>Palabra, di\u00e1logo, acuerdos, son tres t\u00e9rminos que conducen a la paz estable y duradera con vocaci\u00f3n de reparaci\u00f3n y no repetici\u00f3n, asegur\u00f3 el jefe de la delegaci\u00f3n de paz de la mayor guerrilla colombiana, Iv\u00e1n M\u00e1rquez, al referir los logros alcanzados a lo largo de tres a\u00f1os de pl\u00e1ticas en La Habana.<\/p>\n<\/p>\n<p>Pero, mon\u00f3logo, unilateralismo, empecinamiento intransigente, ego\u00edsmo pol\u00edtico excluyente, son conceptos y m\u00e9todos estos que cuando se tratan de imponer ponen en peligro la estabilidad de lo que se ha venido construyendo con enorme esfuerzo, riesgos y con enemigos al acecho, agreg\u00f3 el l\u00edder insurgente.<\/p>\n<\/p>\n<p>En ese sentido, la guerrilla ratific\u00f3 su rechazo a las iniciativas unilaterales impulsadas por el Ejecutivo como las \u00absupuestas f\u00f3rmulas para la terminaci\u00f3n del conflicto sacadas del cubilete de una sola de las partes\u00bb, entre ellas el plebiscito planteado en el Congreso colombiano para refrendar el futuro acuerdo de paz.<\/p>\n<\/p>\n<p>Las FARC-EP pidieron seriedad al gobierno y al parlamento en aras de poder avanzar en el proceso de paz y llamaron al Estado a que \u00abno se siembren ahora discordias cuando todo es alcanzable con la inteligencia, el sentido com\u00fan, la palabra, los di\u00e1logos y los acuerdos; evitemos mayores tempestades\u00bb, acot\u00f3 M\u00e1rquez.<\/p>\n<\/p>\n<p>En el actual ciclo de pl\u00e1ticas, las partes -seg\u00fan precisaron las FARC-EP- continuar\u00e1n revisando y tratando de cerrar todos los aspectos del punto de las v\u00edctimas, incluido el tema de la justicia transicional, e intentar\u00e1n avanzar en el desarrollo de los aspectos relativos al fin del conflicto<\/p>\n<h6> 2015-11-18 12:29:42 <\/h6>\n<p><!--\n<link rel=\"stylesheet\" href=\"css\/bootstrap.min.css\">\n\n\n<ul class=\"pagination\">\n\t    \n\t\n\n<li >\n\t<a href='?page_no=22038'>Previous<\/a>\n\t<\/li>\n\n\n       \n    \n\n<li><a href='?page_no=1'>1<\/a><\/li>\n\n\n\n<li><a href='?page_no=2'>2<\/a><\/li>\n\n\n\n<li><a>...<\/a><\/li>\n\n\n\n<li><a href='?page_no=22037'>22037<\/a><\/li>\n\n\n\n<li><a href='?page_no=22038'>22038<\/a><\/li>\n\n\n\n<li class='active'><a>22039<\/a><\/li>\n\n\n\n<li><a href='?page_no=22040'>22040<\/a><\/li>\n\n\n\n<li><a href='?page_no=22041'>22041<\/a><\/li>\n\n\n\n<li><a>...<\/a><\/li>\n\n\n\n<li><a href='?page_no=51012'>51012<\/a><\/li>\n\n\n\n<li><a href='?page_no=51013'>51013<\/a><\/li>\n\n    \n\t\n\n<li >\n\t<a href='?page_no=22040'>Next<\/a>\n\t<\/li>\n\n\n    \n\n<li><a href='?page_no=51013'>Last &rsaquo;&rsaquo;<\/a><\/li>\n\n<\/ul>\n\n\n--><br \/>\n<\/body><\/p>\n","protected":false},"excerpt":{"rendered":"<p>La Habana, 18 nov (PL) Las insurgentes FARC-EP manifestaron hoy que el unilateralismo del gobierno del presidente Juan Manuel Santos en los di\u00e1logos para la paz de Colombia pone en peligro la estabilidad de lo alcanzado en ese proceso. En el contexto de las conversaciones que desarrollan las partes en esta capital desde 2012, las [&hellip;]<\/p>\n","protected":false},"author":3,"featured_media":0,"comment_status":"open","ping_status":"open","sticky":false,"template":"","format":"standard","meta":{"footnotes":""},"categories":[23],"tags":[],"class_list":["post-252394","post","type-post","status-publish","format-standard","hentry","category-internacional"],"_links":{"self":[{"href":"https:\/\/diariodominicano.com\/index.php?rest_route=\/wp\/v2\/posts\/252394","targetHints":{"allow":["GET"]}}],"collection":[{"href":"https:\/\/diariodominicano.com\/index.php?rest_route=\/wp\/v2\/posts"}],"about":[{"href":"https:\/\/diariodominicano.com\/index.php?rest_route=\/wp\/v2\/types\/post"}],"author":[{"embeddable":true,"href":"https:\/\/diariodominicano.com\/index.php?rest_route=\/wp\/v2\/users\/3"}],"replies":[{"embeddable":true,"href":"https:\/\/diariodominicano.com\/index.php?rest_route=%2Fwp%2Fv2%2Fcomments&post=252394"}],"version-history":[{"count":0,"href":"https:\/\/diariodominicano.com\/index.php?rest_route=\/wp\/v2\/posts\/252394\/revisions"}],"wp:attachment":[{"href":"https:\/\/diariodominicano.com\/index.php?rest_route=%2Fwp%2Fv2%2Fmedia&parent=252394"}],"wp:term":[{"taxonomy":"category","embeddable":true,"href":"https:\/\/diariodominicano.com\/index.php?rest_route=%2Fwp%2Fv2%2Fcategories&post=252394"},{"taxonomy":"post_tag","embeddable":true,"href":"https:\/\/diariodominicano.com\/index.php?rest_route=%2Fwp%2Fv2%2Ftags&post=252394"}],"curies":[{"name":"wp","href":"https:\/\/api.w.org\/{rel}","templated":true}]}}