{"id":252393,"date":"2015-11-18T12:32:13","date_gmt":"2015-11-18T12:32:13","guid":{"rendered":"http:\/\/diariodominicano.ddns.net\/?p=252393"},"modified":"2015-11-18T12:32:13","modified_gmt":"2015-11-18T12:32:13","slug":"atentado-en-nigeria-causa-cerca-de-centenar-y-medio-de-victimas","status":"publish","type":"post","link":"https:\/\/diariodominicano.com\/?p=252393","title":{"rendered":"Atentado en Nigeria causa cerca de centenar y medio de v\u00edctimas"},"content":{"rendered":"<p><body><\/p>\n<p><img decoding=\"async\" src=\"img3\/muerte-insurgentes.jpg\" \/>  <\/p>\n<\/p>\n<p>Una bomba fue detonada en un concurrido parqueo p\u00fablico pr\u00f3ximo a un gran mercado de verduras cuando cientos de personas se dirig\u00edan a la oraci\u00f3n vespertina a trav\u00e9s de ese lugar.<\/p>\n<\/p>\n<p>La explosi\u00f3n, que afect\u00f3 mayoritariamente a mujeres y ni\u00f1os, se escuch\u00f3 en toda la localidad de unos 400 mil habitantes y situada a casi dos mil metros de altura.<\/p>\n<\/p>\n<p>Las autoridades estiman que el atentado recuerda ataques precedentes protagonizados por el grupo terrorista Boko Haram, que opera en las regiones fronterizas de pa\u00edses vecinos como Camer\u00fan, N\u00edger o Chad.<\/p>\n<\/p>\n<p>Esa organizaci\u00f3n de origen nigeriano persigue la instauraci\u00f3n en la regi\u00f3n de la manera m\u00e1s estricta la shar\u00eda o ley isl\u00e1mica y desde 2009 caus\u00f3 la muerte de unas 14 mil personas en esta parte de \u00c1frica, seg\u00fan cifras oficiales.<\/p>\n<h6> 2015-11-18 12:32:13 <\/h6>\n<p><!--\n<link rel=\"stylesheet\" href=\"css\/bootstrap.min.css\">\n\n\n<ul class=\"pagination\">\n\t    \n\t\n\n<li >\n\t<a href='?page_no=22037'>Previous<\/a>\n\t<\/li>\n\n\n       \n    \n\n<li><a href='?page_no=1'>1<\/a><\/li>\n\n\n\n<li><a href='?page_no=2'>2<\/a><\/li>\n\n\n\n<li><a>...<\/a><\/li>\n\n\n\n<li><a href='?page_no=22036'>22036<\/a><\/li>\n\n\n\n<li><a href='?page_no=22037'>22037<\/a><\/li>\n\n\n\n<li class='active'><a>22038<\/a><\/li>\n\n\n\n<li><a href='?page_no=22039'>22039<\/a><\/li>\n\n\n\n<li><a href='?page_no=22040'>22040<\/a><\/li>\n\n\n\n<li><a>...<\/a><\/li>\n\n\n\n<li><a href='?page_no=51012'>51012<\/a><\/li>\n\n\n\n<li><a href='?page_no=51013'>51013<\/a><\/li>\n\n    \n\t\n\n<li >\n\t<a href='?page_no=22039'>Next<\/a>\n\t<\/li>\n\n\n    \n\n<li><a href='?page_no=51013'>Last &rsaquo;&rsaquo;<\/a><\/li>\n\n<\/ul>\n\n\n--><br \/>\n<\/body><\/p>\n","protected":false},"excerpt":{"rendered":"<p>Una bomba fue detonada en un concurrido parqueo p\u00fablico pr\u00f3ximo a un gran mercado de verduras cuando cientos de personas se dirig\u00edan a la oraci\u00f3n vespertina a trav\u00e9s de ese lugar. La explosi\u00f3n, que afect\u00f3 mayoritariamente a mujeres y ni\u00f1os, se escuch\u00f3 en toda la localidad de unos 400 mil habitantes y situada a casi [&hellip;]<\/p>\n","protected":false},"author":3,"featured_media":0,"comment_status":"open","ping_status":"open","sticky":false,"template":"","format":"standard","meta":{"footnotes":""},"categories":[23],"tags":[],"class_list":["post-252393","post","type-post","status-publish","format-standard","hentry","category-internacional"],"_links":{"self":[{"href":"https:\/\/diariodominicano.com\/index.php?rest_route=\/wp\/v2\/posts\/252393","targetHints":{"allow":["GET"]}}],"collection":[{"href":"https:\/\/diariodominicano.com\/index.php?rest_route=\/wp\/v2\/posts"}],"about":[{"href":"https:\/\/diariodominicano.com\/index.php?rest_route=\/wp\/v2\/types\/post"}],"author":[{"embeddable":true,"href":"https:\/\/diariodominicano.com\/index.php?rest_route=\/wp\/v2\/users\/3"}],"replies":[{"embeddable":true,"href":"https:\/\/diariodominicano.com\/index.php?rest_route=%2Fwp%2Fv2%2Fcomments&post=252393"}],"version-history":[{"count":0,"href":"https:\/\/diariodominicano.com\/index.php?rest_route=\/wp\/v2\/posts\/252393\/revisions"}],"wp:attachment":[{"href":"https:\/\/diariodominicano.com\/index.php?rest_route=%2Fwp%2Fv2%2Fmedia&parent=252393"}],"wp:term":[{"taxonomy":"category","embeddable":true,"href":"https:\/\/diariodominicano.com\/index.php?rest_route=%2Fwp%2Fv2%2Fcategories&post=252393"},{"taxonomy":"post_tag","embeddable":true,"href":"https:\/\/diariodominicano.com\/index.php?rest_route=%2Fwp%2Fv2%2Ftags&post=252393"}],"curies":[{"name":"wp","href":"https:\/\/api.w.org\/{rel}","templated":true}]}}