{"id":252392,"date":"2015-11-18T12:36:12","date_gmt":"2015-11-18T12:36:12","guid":{"rendered":"http:\/\/diariodominicano.ddns.net\/?p=252392"},"modified":"2015-11-18T12:36:12","modified_gmt":"2015-11-18T12:36:12","slug":"canciller-de-rusia-llama-a-una-amplia-coalicion-antiterrorista","status":"publish","type":"post","link":"https:\/\/diariodominicano.com\/?p=252392","title":{"rendered":"Canciller de Rusia llama a una amplia coalici\u00f3n antiterrorista"},"content":{"rendered":"<p><body><\/p>\n<p><img decoding=\"async\" src=\"img3\/lavrov-bassil.jpg\" \/>  <\/p>\n<p><span class=\"text1noticias\"> <\/span><\/p>\n<p><span class=\"text1noticias\">  <\/span><\/p>\n<p><span class=\"text1noticias\">Mosc\u00fa, 18 nov (PL) El canciller de Rusia, Serguei Lavrov, reiter\u00f3 hoy que la formaci\u00f3n de un amplio frente de lucha contra la amenaza terrorista constituye una prioridad, en rueda de prensa conjunta con su par liban\u00e9s, Gebran Bassil.<\/span><\/p>\n<\/p>\n<p><span class=\"text1noticias\">Creemos que en el contexto de la crisis siria la m\u00e1xima prioridad debe ser movilizar un frente amplio para contrarrestar la amenaza terrorista, sobre todo la del grupo Estado isl\u00e1mico (EI), asegur\u00f3 el ministro ante la prensa.<\/span><\/p>\n<\/p>\n<p><span class=\"text1noticias\">Tras sostener pl\u00e1ticas aqu\u00ed con Bassil, Lavrov evoc\u00f3 los pasos acordados durante la reuni\u00f3n del Grupo Internacional de Apoyo a Siria en Viena el 14 de noviembre, y afirm\u00f3 que sobre esa base se debe impulsar un proceso pol\u00edtico intersirio, paralelo a las acciones militares contra el EI y otras agrupaciones terroristas.<\/span><\/p>\n<\/p>\n<p><span class=\"text1noticias\">Inform\u00f3 que durante la reuni\u00f3n, Mosc\u00fa y Beirut promovieron una sopesada y balanceada aproximaci\u00f3n basada en la necesidad de respetar el derecho del pueblo sirio a determinar su propio destino.<\/span><\/p>\n<\/p>\n<p><span class=\"text1noticias\">Aclar\u00f3 el jefe de la diplomacia rusa que durante las reuniones realizadas en Viena no se lleg\u00f3 a ning\u00fan entendimiento que impida al actual presidente sirio, Bashar al-Assad, formar parte de la futura soluci\u00f3n pol\u00edtica de Siria.<\/span><\/p>\n<\/p>\n<p><span class=\"text1noticias\">\u00abNo se alcanz\u00f3 ning\u00fan acuerdo respecto a que el presidente al-Assad no participe en determinada etapa del proceso pol\u00edtico\u00bb, explic\u00f3 ante la prensa.<\/span><\/p>\n<\/p>\n<p><span class=\"text1noticias\">Reconoci\u00f3 que algunos de los asistentes al foro de Viena reiteraron esa vieja iniciativa de Washington y varios de sus aliados, pero \u00abno recibieron apoyo consensuado\u00bb.<\/span><\/p>\n<\/p>\n<p><span class=\"text1noticias\">Expres\u00f3 satisfacci\u00f3n Lavrov porque en el documento final prevaleci\u00f3 despu\u00e9s de las dos reuniones de Viena (30 de octubre y 14 de noviembre) esa posici\u00f3n de respeto a la autodeterminaci\u00f3n de los sirios.<\/span><\/p>\n<\/p>\n<p><span class=\"text1noticias\">El Grupo de Amigos de Siria estuvo de acuerdo en apoyar y trabajar para implementar un cese el fuego de alcance nacional que debe entrar en efecto tan pronto representantes de Damasco y la oposici\u00f3n hayan emprendido los pasos iniciales hacia la transici\u00f3n pol\u00edtica bajo los auspicios de la ONU, sobre la base del Comunicado de Ginebra, coment\u00f3.<\/span><\/p>\n<\/p>\n<p><span class=\"text1noticias\">Agreg\u00f3 el canciller ruso que \u00e9l y Bassil analizaron la situaci\u00f3n desde el punto de vista de la lucha contra el terrorismo en el m\u00e1s amplio concepto, no solo en relaci\u00f3n con Siria.<\/span><\/p>\n<\/p>\n<p><span class=\"text1noticias\">El EI avanz\u00f3 en Siria e Iraq, ech\u00f3 ra\u00edces en otros pa\u00edses de la regi\u00f3n y abiertamente anuncia planes de crear un enorme califato en una vasta \u00e1rea que se extiende desde Portugal hasta Pakist\u00e1n, por lo cual es nuestra amenaza com\u00fan, razon\u00f3 el ministro.<\/span><\/p>\n<\/p>\n<p><span class=\"text1noticias\">Al evocar el discurso del presidente Vladimir Putin en el per\u00edodo de sesiones 70 de la Asamblea General de la ONU, Lavrov insisti\u00f3 en que el Consejo de Seguridad debe dar prioridad a un s\u00f3lido frente internacional de combate contra el terrorismo para movilizar una verdadera coalici\u00f3n global en respuesta a \u00abeste duro reto com\u00fan para todos\u00bb.<\/span><\/p>\n<h6> 2015-11-18 12:36:12 <\/h6>\n<p><!--\n<link rel=\"stylesheet\" href=\"css\/bootstrap.min.css\">\n\n\n<ul class=\"pagination\">\n\t    \n\t\n\n<li >\n\t<a href='?page_no=22036'>Previous<\/a>\n\t<\/li>\n\n\n       \n    \n\n<li><a href='?page_no=1'>1<\/a><\/li>\n\n\n\n<li><a href='?page_no=2'>2<\/a><\/li>\n\n\n\n<li><a>...<\/a><\/li>\n\n\n\n<li><a href='?page_no=22035'>22035<\/a><\/li>\n\n\n\n<li><a href='?page_no=22036'>22036<\/a><\/li>\n\n\n\n<li class='active'><a>22037<\/a><\/li>\n\n\n\n<li><a href='?page_no=22038'>22038<\/a><\/li>\n\n\n\n<li><a href='?page_no=22039'>22039<\/a><\/li>\n\n\n\n<li><a>...<\/a><\/li>\n\n\n\n<li><a href='?page_no=51012'>51012<\/a><\/li>\n\n\n\n<li><a href='?page_no=51013'>51013<\/a><\/li>\n\n    \n\t\n\n<li >\n\t<a href='?page_no=22038'>Next<\/a>\n\t<\/li>\n\n\n    \n\n<li><a href='?page_no=51013'>Last &rsaquo;&rsaquo;<\/a><\/li>\n\n<\/ul>\n\n\n--><br \/>\n<\/body><\/p>\n","protected":false},"excerpt":{"rendered":"<p>Mosc\u00fa, 18 nov (PL) El canciller de Rusia, Serguei Lavrov, reiter\u00f3 hoy que la formaci\u00f3n de un amplio frente de lucha contra la amenaza terrorista constituye una prioridad, en rueda de prensa conjunta con su par liban\u00e9s, Gebran Bassil. Creemos que en el contexto de la crisis siria la m\u00e1xima prioridad debe ser movilizar un [&hellip;]<\/p>\n","protected":false},"author":3,"featured_media":0,"comment_status":"open","ping_status":"open","sticky":false,"template":"","format":"standard","meta":{"footnotes":""},"categories":[23],"tags":[],"class_list":["post-252392","post","type-post","status-publish","format-standard","hentry","category-internacional"],"_links":{"self":[{"href":"https:\/\/diariodominicano.com\/index.php?rest_route=\/wp\/v2\/posts\/252392","targetHints":{"allow":["GET"]}}],"collection":[{"href":"https:\/\/diariodominicano.com\/index.php?rest_route=\/wp\/v2\/posts"}],"about":[{"href":"https:\/\/diariodominicano.com\/index.php?rest_route=\/wp\/v2\/types\/post"}],"author":[{"embeddable":true,"href":"https:\/\/diariodominicano.com\/index.php?rest_route=\/wp\/v2\/users\/3"}],"replies":[{"embeddable":true,"href":"https:\/\/diariodominicano.com\/index.php?rest_route=%2Fwp%2Fv2%2Fcomments&post=252392"}],"version-history":[{"count":0,"href":"https:\/\/diariodominicano.com\/index.php?rest_route=\/wp\/v2\/posts\/252392\/revisions"}],"wp:attachment":[{"href":"https:\/\/diariodominicano.com\/index.php?rest_route=%2Fwp%2Fv2%2Fmedia&parent=252392"}],"wp:term":[{"taxonomy":"category","embeddable":true,"href":"https:\/\/diariodominicano.com\/index.php?rest_route=%2Fwp%2Fv2%2Fcategories&post=252392"},{"taxonomy":"post_tag","embeddable":true,"href":"https:\/\/diariodominicano.com\/index.php?rest_route=%2Fwp%2Fv2%2Ftags&post=252392"}],"curies":[{"name":"wp","href":"https:\/\/api.w.org\/{rel}","templated":true}]}}