{"id":252391,"date":"2015-11-18T12:45:29","date_gmt":"2015-11-18T12:45:29","guid":{"rendered":"http:\/\/diariodominicano.ddns.net\/?p=252391"},"modified":"2015-11-18T12:45:29","modified_gmt":"2015-11-18T12:45:29","slug":"mujeres-negras-se-unen-contra-la-violencia-en-marcha-en-brasilia","status":"publish","type":"post","link":"https:\/\/diariodominicano.com\/?p=252391","title":{"rendered":"&#13;  Mujeres negras se unen contra la violencia en marcha en Brasilia"},"content":{"rendered":"<p><body><\/p>\n<p><img decoding=\"async\" src=\"img3\/marchabrasilmujenegras.jpg\" \/>  <\/p>\n<p>Brasilia, 18 nov (PL) Al menos 10 mil mujeres negras de todas las regiones de Brasil realizaron hoy una marcha en esta capital contra la violencia, el racismo, el retroceso de sus derechos y por la igualdad de g\u00e9nero.<\/p>\n<\/p>\n<p>Las f\u00e9minas salieron desde el gimnasio Nilson Nelson y ocuparon la avenida Exo Monumental con direcci\u00f3n al Congreso nacional, lo cual interrumpi\u00f3 el tr\u00e1nsito en la principal v\u00eda del centro de Brasilia.<\/p>\n<\/p>\n<p>Vestidas con trajes tradicionales del estado de Bah\u00eda, un grupo de estas abander\u00f3 esta manifestaci\u00f3n en contra del racismo, la violencia de g\u00e9nero y la ola conservadora que busca en el Congreso reducir sus derechos.<\/p>\n<\/p>\n<p>La ministra de Mujeres, Igualdad Racial y Derechos Humano, Nilma Lino, calific\u00f3 de importante esta protesta, pues fortalece el movimiento de damas de color, necesitado de un impulso para hacer valer sus derechos.<\/p>\n<\/p>\n<p>Se trata de una primera marcha de las mujeres negras que persigue llamar la atenci\u00f3n de la sociedad y de los pol\u00edticos sobre las pretensiones de sectores conservadores de aprobar leyes que lesionan sus derechos, subray\u00f3.<\/p>\n<\/p>\n<p>Al igual que Lino, Vanda Menezes, una de las organizadoras de esta movilizaci\u00f3n, destac\u00f3 que en los \u00faltimos a\u00f1os se registr\u00f3 un proceso de cambios y expansi\u00f3n de los derechos, de acceso a la pol\u00edtica y los bienes y servicios.<\/p>\n<\/p>\n<p>Sin embargo, cuando se hace una revisi\u00f3n de estos logros observamos que \u00ablas mujeres negras coexisten en condiciones vulnerable, de fragilidad y sin garant\u00edas\u00bb se\u00f1al\u00f3 al citar datos del censo de 2010.<\/p>\n<\/p>\n<p>Hablamos de las f\u00e9minas de color, que representan el 25,5 por ciento de la poblaci\u00f3n (48,6 millones de personas), asever\u00f3.<\/p>\n<\/p>\n<p>Varias agrupaciones sociales, populares, as\u00ed como representantes de la Central \u00danica de Trabajadores participaron en esta marcha, que seg\u00fan organizadores- que cont\u00f3 con la presencia de unos 10 mil personas.<\/p>\n<\/p>\n<p>La manifestaci\u00f3n forma parte de las conmemoraciones por el D\u00eda de la Conciencia Negra, que se celebrar\u00e1 ma\u00f1ana.<\/p>\n<h6> 2015-11-18 12:45:29 <\/h6>\n<p><!--\n<link rel=\"stylesheet\" href=\"css\/bootstrap.min.css\">\n\n\n<ul class=\"pagination\">\n\t    \n\t\n\n<li >\n\t<a href='?page_no=22035'>Previous<\/a>\n\t<\/li>\n\n\n       \n    \n\n<li><a href='?page_no=1'>1<\/a><\/li>\n\n\n\n<li><a href='?page_no=2'>2<\/a><\/li>\n\n\n\n<li><a>...<\/a><\/li>\n\n\n\n<li><a href='?page_no=22034'>22034<\/a><\/li>\n\n\n\n<li><a href='?page_no=22035'>22035<\/a><\/li>\n\n\n\n<li class='active'><a>22036<\/a><\/li>\n\n\n\n<li><a href='?page_no=22037'>22037<\/a><\/li>\n\n\n\n<li><a href='?page_no=22038'>22038<\/a><\/li>\n\n\n\n<li><a>...<\/a><\/li>\n\n\n\n<li><a href='?page_no=51012'>51012<\/a><\/li>\n\n\n\n<li><a href='?page_no=51013'>51013<\/a><\/li>\n\n    \n\t\n\n<li >\n\t<a href='?page_no=22037'>Next<\/a>\n\t<\/li>\n\n\n    \n\n<li><a href='?page_no=51013'>Last &rsaquo;&rsaquo;<\/a><\/li>\n\n<\/ul>\n\n\n--><br \/>\n<\/body><\/p>\n","protected":false},"excerpt":{"rendered":"<p>Brasilia, 18 nov (PL) Al menos 10 mil mujeres negras de todas las regiones de Brasil realizaron hoy una marcha en esta capital contra la violencia, el racismo, el retroceso de sus derechos y por la igualdad de g\u00e9nero. Las f\u00e9minas salieron desde el gimnasio Nilson Nelson y ocuparon la avenida Exo Monumental con direcci\u00f3n [&hellip;]<\/p>\n","protected":false},"author":3,"featured_media":0,"comment_status":"open","ping_status":"open","sticky":false,"template":"","format":"standard","meta":{"footnotes":""},"categories":[23],"tags":[],"class_list":["post-252391","post","type-post","status-publish","format-standard","hentry","category-internacional"],"_links":{"self":[{"href":"https:\/\/diariodominicano.com\/index.php?rest_route=\/wp\/v2\/posts\/252391","targetHints":{"allow":["GET"]}}],"collection":[{"href":"https:\/\/diariodominicano.com\/index.php?rest_route=\/wp\/v2\/posts"}],"about":[{"href":"https:\/\/diariodominicano.com\/index.php?rest_route=\/wp\/v2\/types\/post"}],"author":[{"embeddable":true,"href":"https:\/\/diariodominicano.com\/index.php?rest_route=\/wp\/v2\/users\/3"}],"replies":[{"embeddable":true,"href":"https:\/\/diariodominicano.com\/index.php?rest_route=%2Fwp%2Fv2%2Fcomments&post=252391"}],"version-history":[{"count":0,"href":"https:\/\/diariodominicano.com\/index.php?rest_route=\/wp\/v2\/posts\/252391\/revisions"}],"wp:attachment":[{"href":"https:\/\/diariodominicano.com\/index.php?rest_route=%2Fwp%2Fv2%2Fmedia&parent=252391"}],"wp:term":[{"taxonomy":"category","embeddable":true,"href":"https:\/\/diariodominicano.com\/index.php?rest_route=%2Fwp%2Fv2%2Fcategories&post=252391"},{"taxonomy":"post_tag","embeddable":true,"href":"https:\/\/diariodominicano.com\/index.php?rest_route=%2Fwp%2Fv2%2Ftags&post=252391"}],"curies":[{"name":"wp","href":"https:\/\/api.w.org\/{rel}","templated":true}]}}