{"id":252390,"date":"2015-11-18T12:51:24","date_gmt":"2015-11-18T12:51:24","guid":{"rendered":"http:\/\/diariodominicano.ddns.net\/?p=252390"},"modified":"2015-11-18T12:51:24","modified_gmt":"2015-11-18T12:51:24","slug":"detiene-turquia-a-ocho-supuestos-miembros-del-ei","status":"publish","type":"post","link":"https:\/\/diariodominicano.com\/?p=252390","title":{"rendered":"Detiene Turqu\u00eda a ocho supuestos miembros del EI"},"content":{"rendered":"<p><body><\/p>\n<\/p>\n<p>Ankara, 18 nov (PL) Las fuerzas de seguridad turcas informaron hoy el arresto en la ciudad de Estambul de ocho supuestos miembros del grupo terrorista Estado Isl\u00e1mico (EI) quienes se internaron a este pa\u00eds por v\u00eda a\u00e9rea e intentaban llegar a Alemania.<\/p>\n<\/p>\n<p>De acuerdo con el reporte policial, los sospechosos fueron detenidos en el Aeropuerto Ataturk cuando arribaron en un avi\u00f3n procedente de Casablanca, Marruecos.<\/p>\n<\/p>\n<p>A uno de los integrantes del grupo se le ocupo un documento con la ruta para adentrarse ilegalmente en territorio germano luego de atravesar Grecia, Serbia y Hungr\u00eda.<\/p>\n<\/p>\n<p>Tras los atentados terroristas del EI en Par\u00eds ocurridos el pasado 13 de noviembre, que costaron la vida a 129 personas, las autoridades turcas fortalecieron los controles en sus costas y fronteras terrestres as\u00ed como en los aeropuertos para impedir la entrada de miembros del EI.<\/p>\n<\/p>\n<p>Con esas medidas, apuntan analistas, Turqu\u00eda respondi\u00f3 a cr\u00edticas de la Uni\u00f3n Europea por facilitar el acceso de miembros de esa agrupaci\u00f3n a la regi\u00f3n debido a fallas en la protecci\u00f3n de sus porosos l\u00edmites fronterizos.<\/p>\n<\/p>\n<p>Siria acusa al gobierno turco por el supuesto entrenamiento, equipamiento y apoyo financiero dados en el pasado al EI y otros grupos que act\u00faan contra Damasco con el objetivo de provocar el derrocamiento del presidente Bashar Al Assad.<\/p>\n<\/p>\n<p>Unos dos millones de refugiados sirios permanecen en territorio turco y m\u00e1s de 650 mil llegaron desde este pa\u00eds a Grecia en los \u00faltimos meses, seg\u00fan datos aportados por la Organizaci\u00f3n Internacional para las Migraciones (OIM).<\/p>\n<\/p>\n<p>La polic\u00eda turca report\u00f3 el 12 de noviembre \u00faltimo el arresto en Estambul de 11 supuestos miembros del EI, a solo 72 horas de iniciarse en esta naci\u00f3n la Cumbre del G-20.<\/p>\n<\/p>\n<p>Cuatro d\u00edas antes capturaron a otros 20 en la suroccidental ciudad de Antalya, sede de la magna cita, as\u00ed como en las cercanas localidades de Alanya y Manavgat.<\/p>\n<\/p>\n<p>En los \u00faltimos dos a\u00f1os las autoridades turcas arrestaron a dos mil 545 sospechosos de pertenecer al EI, la tercera parte de los cuales eran extranjeros, seg\u00fan recientes informes.<\/p>\n<\/p>\n<p>Se calcula en m\u00e1s de 10 mil la cifra de posibles integrantes del grupo terrorista que se encuentran en Turqu\u00eda, agregan las fuentes.<\/p>\n<h6> 2015-11-18 12:51:24 <\/h6>\n<p><!--\n<link rel=\"stylesheet\" href=\"css\/bootstrap.min.css\">\n\n\n<ul class=\"pagination\">\n\t    \n\t\n\n<li >\n\t<a href='?page_no=22034'>Previous<\/a>\n\t<\/li>\n\n\n       \n    \n\n<li><a href='?page_no=1'>1<\/a><\/li>\n\n\n\n<li><a href='?page_no=2'>2<\/a><\/li>\n\n\n\n<li><a>...<\/a><\/li>\n\n\n\n<li><a href='?page_no=22033'>22033<\/a><\/li>\n\n\n\n<li><a href='?page_no=22034'>22034<\/a><\/li>\n\n\n\n<li class='active'><a>22035<\/a><\/li>\n\n\n\n<li><a href='?page_no=22036'>22036<\/a><\/li>\n\n\n\n<li><a href='?page_no=22037'>22037<\/a><\/li>\n\n\n\n<li><a>...<\/a><\/li>\n\n\n\n<li><a href='?page_no=51012'>51012<\/a><\/li>\n\n\n\n<li><a href='?page_no=51013'>51013<\/a><\/li>\n\n    \n\t\n\n<li >\n\t<a href='?page_no=22036'>Next<\/a>\n\t<\/li>\n\n\n    \n\n<li><a href='?page_no=51013'>Last &rsaquo;&rsaquo;<\/a><\/li>\n\n<\/ul>\n\n\n--><br \/>\n<\/body><\/p>\n","protected":false},"excerpt":{"rendered":"<p>Ankara, 18 nov (PL) Las fuerzas de seguridad turcas informaron hoy el arresto en la ciudad de Estambul de ocho supuestos miembros del grupo terrorista Estado Isl\u00e1mico (EI) quienes se internaron a este pa\u00eds por v\u00eda a\u00e9rea e intentaban llegar a Alemania. De acuerdo con el reporte policial, los sospechosos fueron detenidos en el Aeropuerto [&hellip;]<\/p>\n","protected":false},"author":3,"featured_media":0,"comment_status":"open","ping_status":"open","sticky":false,"template":"","format":"standard","meta":{"footnotes":""},"categories":[23],"tags":[],"class_list":["post-252390","post","type-post","status-publish","format-standard","hentry","category-internacional"],"_links":{"self":[{"href":"https:\/\/diariodominicano.com\/index.php?rest_route=\/wp\/v2\/posts\/252390","targetHints":{"allow":["GET"]}}],"collection":[{"href":"https:\/\/diariodominicano.com\/index.php?rest_route=\/wp\/v2\/posts"}],"about":[{"href":"https:\/\/diariodominicano.com\/index.php?rest_route=\/wp\/v2\/types\/post"}],"author":[{"embeddable":true,"href":"https:\/\/diariodominicano.com\/index.php?rest_route=\/wp\/v2\/users\/3"}],"replies":[{"embeddable":true,"href":"https:\/\/diariodominicano.com\/index.php?rest_route=%2Fwp%2Fv2%2Fcomments&post=252390"}],"version-history":[{"count":0,"href":"https:\/\/diariodominicano.com\/index.php?rest_route=\/wp\/v2\/posts\/252390\/revisions"}],"wp:attachment":[{"href":"https:\/\/diariodominicano.com\/index.php?rest_route=%2Fwp%2Fv2%2Fmedia&parent=252390"}],"wp:term":[{"taxonomy":"category","embeddable":true,"href":"https:\/\/diariodominicano.com\/index.php?rest_route=%2Fwp%2Fv2%2Fcategories&post=252390"},{"taxonomy":"post_tag","embeddable":true,"href":"https:\/\/diariodominicano.com\/index.php?rest_route=%2Fwp%2Fv2%2Ftags&post=252390"}],"curies":[{"name":"wp","href":"https:\/\/api.w.org\/{rel}","templated":true}]}}