{"id":252373,"date":"2015-11-19T17:59:29","date_gmt":"2015-11-19T17:59:29","guid":{"rendered":"http:\/\/diariodominicano.ddns.net\/?p=252373"},"modified":"2015-11-19T17:59:29","modified_gmt":"2015-11-19T17:59:29","slug":"anuncia-haiti-medidas-para-enfrentar-violencia-postelectoral","status":"publish","type":"post","link":"https:\/\/diariodominicano.com\/?p=252373","title":{"rendered":"Anuncia Hait\u00ed medidas para enfrentar violencia postelectoral"},"content":{"rendered":"<p><body><\/p>\n<p><span class=\"text1noticias\">Hait\u00ed, 19 nov (Xinhua) &#8212; El gobierno de Hait\u00ed anunci\u00f3 medidas para enfrentar la violencia en el pa\u00eds, tras los resultados de los comicios presidenciales del pasado 25 de octubre.<\/span><\/p>\n<\/p>\n<p><span class=\"text1noticias\">     Al condenar los numerosos casos registrados \u00abque puedan poner en peligro la soberan\u00eda nacional\u00bb, el gobierno haitiano pidi\u00f3 calma a la poblaci\u00f3n y reclam\u00f3 a los actores pol\u00edticos del pa\u00eds demostrar su \u00abresponsabilidad patri\u00f3tica, necesaria para la serenidad\u00bb de ese pa\u00eds.<\/span><\/p>\n<\/p>\n<p><span class=\"text1noticias\">     Miles de partidarios de la oposici\u00f3n realizaron la v\u00edspera una marcha de varios kil\u00f3metros por algunos de los principales municipios de Puerto Pr\u00edncipe, al denunciar la manipulaci\u00f3n de actas electorales y alteraci\u00f3n de urnas.<\/span><\/p>\n<\/p>\n<p><span class=\"text1noticias\">     La marcha se dispers\u00f3 cuando llegaba a la sede del Consejo Electoral Provisional (CEP), luego de que el Cuerpo de Intervenci\u00f3n y Mantenimiento del Orden (CIMO) hizo uso de balas de goma y gas lacrim\u00f3geno, represi\u00f3n que dej\u00f3 varios heridos, entre ellos Steven Benoit, uno de los candidatos presidenciales.<\/span><\/p>\n<\/p>\n<p><span class=\"text1noticias\">     \u00abEl gobierno observa con mucho temor que los eventos organizados para impugnar los resultados de las \u00faltimas elecciones se est\u00e1n convirtiendo cada vez m\u00e1s violenta y no cumplen no las normas para la celebraci\u00f3n de manifestaciones pac\u00edficas\u00bb, se\u00f1al\u00f3 el gobierno haitiano en un comunicado.<\/span><\/p>\n<\/p>\n<p><span class=\"text1noticias\">     La nota oficial de la oficina del primer ministro de Hait\u00ed, Evans Paul, dijo que las rutas acordadas con los organizadores de las \u00faltimas manifestaciones no siempre son respetadas y que comerciantes, escolares, conductores y polic\u00edas son v\u00edctimas de actos de agresi\u00f3n y robo.<\/span><\/p>\n<\/p>\n<p><span class=\"text1noticias\">     El gobierno tambi\u00e9n acus\u00f3 a la oposici\u00f3n de destruir el memorial donde se llevaba a cabo una ceremonia oficial, al igual que las barreras usadas por la polic\u00eda para marcar el l\u00edmite del per\u00edmetro a los manifestantes que quer\u00edan irrumpir en la sede del tribunal electoral.<\/span><\/p>\n<\/p>\n<p><span class=\"text1noticias\">     \u00abComo parte de su misi\u00f3n de mantener el orden p\u00fablico, la justicia y la polic\u00eda ya se movilizan con el fin de identificar y procesar a todos aquellos que, en violaci\u00f3n de la ley, alimentan este clima retr\u00f3grado, de violencia anti-democr\u00e1tica, contraria a las aspiraciones de la gente, a la paz y a la cohesi\u00f3n social en el pa\u00eds\u00bb, se\u00f1al\u00f3 el gobierno.<\/span><\/p>\n<\/p>\n<p><span class=\"text1noticias\">     Sin embargo, la oposici\u00f3n responsabiliz\u00f3 al gobierno de hacer un uso excesivo de la fuerza en la manifestaci\u00f3n del mi\u00e9rcoles convocada por los principales partidos de oposici\u00f3n que rechazan los resultados electorales y exigen la renuncia del presidente del CEP, Pierre Luis Opont, y la salida del poder del mandatario haitiano Michel Martelly.<\/span><\/p>\n<\/p>\n<p><span class=\"text1noticias\">     \u00abLa polic\u00eda dispar\u00f3 a la multitud en las inmediaciones del CEP y fui alcanzado por una bala de goma en el cr\u00e1neo y las costillas. Afortunadamente no hubo penetraci\u00f3n, pero estoy herido. Nada grave\u00bb, dijo Benoit a periodistas tras ser llevado a un hospital del municipio de Petion-Ville, donde se produjo el enfrentamiento.<\/span><\/p>\n<\/p>\n<p><span class=\"text1noticias\">     \u00abLos m\u00e9dicos no me han informado de ning\u00fan problema. As\u00ed que s\u00f3lo tengo que tomar antibi\u00f3ticos\u00bb, agreg\u00f3 el tambi\u00e9n senador.<\/span><\/p>\n<\/p>\n<p><span class=\"text1noticias\">     El vocero de la Polic\u00eda Nacional, Garry Desrosiers, dijo este jueves que la instituci\u00f3n adopt\u00f3 todas las medidas para garantizar la seguridad del evento, sin embargo la situaci\u00f3n degener\u00f3 cuando un grupo de manifestantes intent\u00f3 varias veces romper el cerco colocado en las inmediaciones del CEP.<\/span><\/p>\n<\/p>\n<p><span class=\"text1noticias\">     Desrosiers destac\u00f3 que los agentes s\u00f3lo utilizaron balas de goma para dispersar a la multitud, al negar que las fuerzas de seguridad utilizaron otro tipo de municiones, incluso se\u00f1al\u00f3 que la polic\u00eda decomis\u00f3 dos pistolas calibre 45 mil\u00edmetros en las inmediaciones.<\/span><\/p>\n<\/p>\n<p><span class=\"text1noticias\">     Hait\u00ed trata de superar una prolongada crisis pol\u00edtica que tras forzar la dimisi\u00f3n del anterior primer ministro Laurent Lamothe a principios de a\u00f1o, lo cual dej\u00f3 sin funciones al Parlamento debido al prolongado retraso en la organizaci\u00f3n de comicios para renovar a todas sus autoridades.<\/span><\/p>\n<\/p>\n<p><span class=\"text1noticias\">     El proceso electoral se inici\u00f3 el 9 de agosto con una primera vuelta legislativa y continu\u00f3 el pasado 25 de octubre con los comicios presidenciales en primera ronda, legislativas en segunda y municipales en todo el pa\u00eds, pero la oposici\u00f3n denunci\u00f3 fraude y se lanz\u00f3 a las calles para protestar los resultados.<\/span><\/p>\n<\/p>\n<p><span class=\"text1noticias\">     Esta semana se reunieron ocho candidatos para exigir la creaci\u00f3n de una comisi\u00f3n independiente que verifique las denuncias de fraude electoral, sin embargo la CEP se\u00f1al\u00f3 que no cuenta con las disposiciones legales para satisfacer esa demanda.<\/span><\/p>\n<\/p>\n<p><span class=\"text1noticias\">     El \u00f3rgano electoral cre\u00f3 anteriormente una comisi\u00f3n para evaluar un total de 43 casos de 162 denuncias presentadas, adem\u00e1s de retener 296 actas electorales para investigaci\u00f3n y someter a escrutinio 490 oficios.<\/span><\/p>\n<\/p>\n<p><span class=\"text1noticias\">     La publicaci\u00f3n el lunes pasado de los resultados preliminares del nivel municipal tambi\u00e9n caus\u00f3 descontento en la zona metropolitana de Puerto Pr\u00edncipe, donde decenas de manifestantes quemaron neum\u00e1ticos y erigieron barricadas sin que reportaran v\u00edctimas o da\u00f1os materiales.<\/span><\/p>\n<\/p>\n<p><span class=\"text1noticias\">     Desde la publicaci\u00f3n de los resultados el pasado 5 de noviembre hasta la fecha, m\u00e1s de 20 protestas relacionadas con las elecciones se produjeron en el pa\u00eds, seg\u00fan el Observatorio Ciudadano para Institucionalizar la Democracia (OCID), un organismo de observaci\u00f3n electoral independiente.<\/span><\/p>\n<\/p>\n<p><span class=\"text1noticias\">     Una persona muri\u00f3 el mismo d\u00eda del anuncio del CEP y un polic\u00eda fue asesinado dos d\u00edas despu\u00e9s, aunque las autoridades no vincularon la muerte del agente a la violencia postelectoral.<\/span><\/p>\n<\/p>\n<p><span class=\"text1noticias\">     El presidente Martelly llam\u00f3 la v\u00edspera a la unidad de Hait\u00ed en la celebraci\u00f3n de una emblem\u00e1tica fecha nacional, mientras miles de opositores se manifestaban en las calles de Puerto Pr\u00edncipe.<\/span><\/p>\n<\/p>\n<p><span class=\"text1noticias\">     \u00abYa es hora, ya es hora de que esto termine amigos, es hora de que dejemos de destruirnos, es hora de que dejemos de destruir al pa\u00eds\u00bb, clam\u00f3 Martelly en un mensaje dirigido a la naci\u00f3n, con motivo del 212 aniversario de la Batalla de Vertieres, la cual sell\u00f3 la independencia haitiana.<\/span> Fin<\/p>\n<h6> 2015-11-19 17:59:29 <\/h6>\n<p><!--\n<link rel=\"stylesheet\" href=\"css\/bootstrap.min.css\">\n\n\n<ul class=\"pagination\">\n\t    \n\t\n\n<li >\n\t<a href='?page_no=22017'>Previous<\/a>\n\t<\/li>\n\n\n       \n    \n\n<li><a href='?page_no=1'>1<\/a><\/li>\n\n\n\n<li><a href='?page_no=2'>2<\/a><\/li>\n\n\n\n<li><a>...<\/a><\/li>\n\n\n\n<li><a href='?page_no=22016'>22016<\/a><\/li>\n\n\n\n<li><a href='?page_no=22017'>22017<\/a><\/li>\n\n\n\n<li class='active'><a>22018<\/a><\/li>\n\n\n\n<li><a href='?page_no=22019'>22019<\/a><\/li>\n\n\n\n<li><a href='?page_no=22020'>22020<\/a><\/li>\n\n\n\n<li><a>...<\/a><\/li>\n\n\n\n<li><a href='?page_no=51012'>51012<\/a><\/li>\n\n\n\n<li><a href='?page_no=51013'>51013<\/a><\/li>\n\n    \n\t\n\n<li >\n\t<a href='?page_no=22019'>Next<\/a>\n\t<\/li>\n\n\n    \n\n<li><a href='?page_no=51013'>Last &rsaquo;&rsaquo;<\/a><\/li>\n\n<\/ul>\n\n\n--><br \/>\n<\/body><\/p>\n","protected":false},"excerpt":{"rendered":"<p>Hait\u00ed, 19 nov (Xinhua) &#8212; El gobierno de Hait\u00ed anunci\u00f3 medidas para enfrentar la violencia en el pa\u00eds, tras los resultados de los comicios presidenciales del pasado 25 de octubre. Al condenar los numerosos casos registrados \u00abque puedan poner en peligro la soberan\u00eda nacional\u00bb, el gobierno haitiano pidi\u00f3 calma a la poblaci\u00f3n y reclam\u00f3 a [&hellip;]<\/p>\n","protected":false},"author":3,"featured_media":0,"comment_status":"open","ping_status":"open","sticky":false,"template":"","format":"standard","meta":{"footnotes":""},"categories":[23],"tags":[],"class_list":["post-252373","post","type-post","status-publish","format-standard","hentry","category-internacional"],"_links":{"self":[{"href":"https:\/\/diariodominicano.com\/index.php?rest_route=\/wp\/v2\/posts\/252373","targetHints":{"allow":["GET"]}}],"collection":[{"href":"https:\/\/diariodominicano.com\/index.php?rest_route=\/wp\/v2\/posts"}],"about":[{"href":"https:\/\/diariodominicano.com\/index.php?rest_route=\/wp\/v2\/types\/post"}],"author":[{"embeddable":true,"href":"https:\/\/diariodominicano.com\/index.php?rest_route=\/wp\/v2\/users\/3"}],"replies":[{"embeddable":true,"href":"https:\/\/diariodominicano.com\/index.php?rest_route=%2Fwp%2Fv2%2Fcomments&post=252373"}],"version-history":[{"count":0,"href":"https:\/\/diariodominicano.com\/index.php?rest_route=\/wp\/v2\/posts\/252373\/revisions"}],"wp:attachment":[{"href":"https:\/\/diariodominicano.com\/index.php?rest_route=%2Fwp%2Fv2%2Fmedia&parent=252373"}],"wp:term":[{"taxonomy":"category","embeddable":true,"href":"https:\/\/diariodominicano.com\/index.php?rest_route=%2Fwp%2Fv2%2Fcategories&post=252373"},{"taxonomy":"post_tag","embeddable":true,"href":"https:\/\/diariodominicano.com\/index.php?rest_route=%2Fwp%2Fv2%2Ftags&post=252373"}],"curies":[{"name":"wp","href":"https:\/\/api.w.org\/{rel}","templated":true}]}}