{"id":252369,"date":"2015-11-20T13:02:56","date_gmt":"2015-11-20T13:02:56","guid":{"rendered":"http:\/\/diariodominicano.ddns.net\/?p=252369"},"modified":"2015-11-20T13:02:56","modified_gmt":"2015-11-20T13:02:56","slug":"crisis-migratoria-en-europa-centra-atencion-de-naciones-unidas","status":"publish","type":"post","link":"https:\/\/diariodominicano.com\/?p=252369","title":{"rendered":"Crisis migratoria en Europa centra atenci\u00f3n de Naciones Unidas\t&#13;"},"content":{"rendered":"<p><body><\/p>\n<p><img decoding=\"async\" src=\"img3\/onu_logo.jpg\" \/>  <\/p>\n<p><span class=\"text1noticias\">Naciones Unidas, 20 nov (PL) La Asamblea General de la ONU realiza hoy una sesi\u00f3n especial para llamar la atenci\u00f3n de la comunidad internacional sobre la tragedia de los migrantes irregulares que tratan de llegar a Europa por el Mar Mediterr\u00e1neo. <\/span><\/p>\n<\/p>\n<p><span class=\"text1noticias\">Seg\u00fan la informaci\u00f3n circulada aqu\u00ed, el evento espera hacer particular \u00e9nfasis en el caso de los sirios que buscan asilo en el viejo continente, para escapar de m\u00e1s de cuatro a\u00f1os de conflicto y del auge de la violencia extremista protagonizada por el Estado Isl\u00e1mico y otros grupos terroristas en el pa\u00eds levantino.<\/span><\/p>\n<\/p>\n<p><span class=\"text1noticias\">Convertida en una de las peores crisis migratorias y de refugiados desde la Segunda Guerra Mundial (1939-1945), se estima que podr\u00eda superar el mill\u00f3n la cifra de personas que este a\u00f1o arriben a Europa tras cruzar el Mediterr\u00e1neo.<\/span><\/p>\n<\/p>\n<p><span class=\"text1noticias\">Los c\u00e1lculos del Alto Comisionado de Naciones Unidas para los Refugiados se basan en que unos cinco mil indocumentados llegan a diario a territorio griego procedentes de Turqu\u00eda, mientras 744 mil ya lo hicieron hasta el pasado mes.<\/span><\/p>\n<\/p>\n<p><span class=\"text1noticias\">De acuerdo con la ONU, adem\u00e1s de las dificultades que enfrentan en sus pa\u00edses de origen, los seres humanos que dejan Siria, Libia, Iraq, Yemen y otros estados del Medio Oriente y del Norte de \u00c1frica emprenden peligrosas traves\u00edas, sufren abusos por los contrabandistas y precarias condiciones cuando llegan al continente europeo.<\/span><\/p>\n<\/p>\n<p><span class=\"text1noticias\">Al menos dos mil 400 migrantes perdieron la vida en lo que va de 2015 en el intento.<\/span><\/p>\n<\/p>\n<p><span class=\"text1noticias\">Tambi\u00e9n son v\u00edctimas de la criminalizaci\u00f3n del fen\u00f3meno y de inescrupulosos interesados en mano de obra barata.<\/span><\/p>\n<\/p>\n<p><span class=\"text1noticias\">La ya de por s\u00ed compleja situaci\u00f3n escal\u00f3 con los recientes ataques cometidos por fundamentalistas isl\u00e1micos, que convierten a cientos de miles de musulmanes en blanco de la discriminaci\u00f3n y la xenofobia en occidente.<\/span><\/p>\n<\/p>\n<p><span class=\"text1noticias\">Hace tres d\u00edas, el secretario general de la ONU, Ban Ki-moon, llam\u00f3 a evitar la represi\u00f3n y el odio contra quienes profesan al Islam como respuesta a los actos atroces de organizaciones extremistas.<\/span><\/p>\n<\/p>\n<p><span class=\"text1noticias\">\u00abTenemos especiales preocupaciones por la represi\u00f3n y la discriminaci\u00f3n contra los musulmanes, sobre todo los refugiados y los migrantes, esto solo exacerbar\u00eda las divisiones de las cuales se alimentan los terroristas\u00bb, advirti\u00f3.<\/span><\/p>\n<h6> 2015-11-20 13:02:56 <\/h6>\n<p><!--\n<link rel=\"stylesheet\" href=\"css\/bootstrap.min.css\">\n\n\n<ul class=\"pagination\">\n\t    \n\t\n\n<li >\n\t<a href='?page_no=22013'>Previous<\/a>\n\t<\/li>\n\n\n       \n    \n\n<li><a href='?page_no=1'>1<\/a><\/li>\n\n\n\n<li><a href='?page_no=2'>2<\/a><\/li>\n\n\n\n<li><a>...<\/a><\/li>\n\n\n\n<li><a href='?page_no=22012'>22012<\/a><\/li>\n\n\n\n<li><a href='?page_no=22013'>22013<\/a><\/li>\n\n\n\n<li class='active'><a>22014<\/a><\/li>\n\n\n\n<li><a href='?page_no=22015'>22015<\/a><\/li>\n\n\n\n<li><a href='?page_no=22016'>22016<\/a><\/li>\n\n\n\n<li><a>...<\/a><\/li>\n\n\n\n<li><a href='?page_no=51012'>51012<\/a><\/li>\n\n\n\n<li><a href='?page_no=51013'>51013<\/a><\/li>\n\n    \n\t\n\n<li >\n\t<a href='?page_no=22015'>Next<\/a>\n\t<\/li>\n\n\n    \n\n<li><a href='?page_no=51013'>Last &rsaquo;&rsaquo;<\/a><\/li>\n\n<\/ul>\n\n\n--><br \/>\n<\/body><\/p>\n","protected":false},"excerpt":{"rendered":"<p>Naciones Unidas, 20 nov (PL) La Asamblea General de la ONU realiza hoy una sesi\u00f3n especial para llamar la atenci\u00f3n de la comunidad internacional sobre la tragedia de los migrantes irregulares que tratan de llegar a Europa por el Mar Mediterr\u00e1neo. Seg\u00fan la informaci\u00f3n circulada aqu\u00ed, el evento espera hacer particular \u00e9nfasis en el caso [&hellip;]<\/p>\n","protected":false},"author":3,"featured_media":0,"comment_status":"open","ping_status":"open","sticky":false,"template":"","format":"standard","meta":{"footnotes":""},"categories":[23],"tags":[],"class_list":["post-252369","post","type-post","status-publish","format-standard","hentry","category-internacional"],"_links":{"self":[{"href":"https:\/\/diariodominicano.com\/index.php?rest_route=\/wp\/v2\/posts\/252369","targetHints":{"allow":["GET"]}}],"collection":[{"href":"https:\/\/diariodominicano.com\/index.php?rest_route=\/wp\/v2\/posts"}],"about":[{"href":"https:\/\/diariodominicano.com\/index.php?rest_route=\/wp\/v2\/types\/post"}],"author":[{"embeddable":true,"href":"https:\/\/diariodominicano.com\/index.php?rest_route=\/wp\/v2\/users\/3"}],"replies":[{"embeddable":true,"href":"https:\/\/diariodominicano.com\/index.php?rest_route=%2Fwp%2Fv2%2Fcomments&post=252369"}],"version-history":[{"count":0,"href":"https:\/\/diariodominicano.com\/index.php?rest_route=\/wp\/v2\/posts\/252369\/revisions"}],"wp:attachment":[{"href":"https:\/\/diariodominicano.com\/index.php?rest_route=%2Fwp%2Fv2%2Fmedia&parent=252369"}],"wp:term":[{"taxonomy":"category","embeddable":true,"href":"https:\/\/diariodominicano.com\/index.php?rest_route=%2Fwp%2Fv2%2Fcategories&post=252369"},{"taxonomy":"post_tag","embeddable":true,"href":"https:\/\/diariodominicano.com\/index.php?rest_route=%2Fwp%2Fv2%2Ftags&post=252369"}],"curies":[{"name":"wp","href":"https:\/\/api.w.org\/{rel}","templated":true}]}}