{"id":252368,"date":"2015-11-20T13:13:13","date_gmt":"2015-11-20T13:13:13","guid":{"rendered":"http:\/\/diariodominicano.ddns.net\/?p=252368"},"modified":"2015-11-20T13:13:13","modified_gmt":"2015-11-20T13:13:13","slug":"comando-terrorista-mantiene-a-casi-100-rehenes-en-hotel-de-mali","status":"publish","type":"post","link":"https:\/\/diariodominicano.com\/?p=252368","title":{"rendered":"Comando terrorista mantiene a casi 100 rehenes en hotel de Mali"},"content":{"rendered":"<p><body><\/p>\n<p><img decoding=\"async\" src=\"img3\/mali-ejercito-tomahotel3.jpg\" \/>  <\/p>\n<p><span class=\"text1noticias\">\t<\/span><\/p>\n<p><span class=\"text1noticias\">  <\/span><\/p>\n<p><span class=\"text1noticias\">Bamako, 20 nov (PL) Un comando terrorista que asalt\u00f3 esta madrugada un c\u00e9ntrico hotel capitalino mantiene retenidas a unas 100 personas, emiti\u00f3 la televisi\u00f3n p\u00fablica maliense ORTM.<\/span><\/p>\n<\/p>\n<p><span class=\"text1noticias\">Esta ma\u00f1ana fuerzas especiales del ej\u00e9rcito local liberaron a 30 secuestrados y en la confusi\u00f3n del operativo escaparon medio centenar de rehenes, confirm\u00f3 el ministro de Seguridad, coronel Salif Traor\u00e9.<\/span><\/p>\n<\/p>\n<p><span class=\"text1noticias\">Durante la madrugada una docena de personas armadas que utiliz\u00f3 como pantalla a un veh\u00edculo con matr\u00edcula diplom\u00e1tica, penetr\u00f3 y ocup\u00f3 una instalaciones tur\u00edstica capitalina de 190 habitaciones y sede esta semana de un congreso internacional.<\/span><\/p>\n<\/p>\n<p><span class=\"text1noticias\">En la acci\u00f3n unas 200 personas fueron retenidas a la fuerza, entre ellos 140 hu\u00e9spedes de varias nacionalidades, entre ellas de Francia, China, B\u00e9lgica y de Turqu\u00eda.<\/span><\/p>\n<\/p>\n<p><span class=\"text1noticias\">Polic\u00edas y militares locales contin\u00faan desplegados en torno al lugar de los hechos, junto a miembros de la Minusma, fuerzas de la ONU en Mali, public\u00f3 el sitio digital del diario capitalino L&#8217;Essor.<\/span><\/p>\n<\/p>\n<p><span class=\"text1noticias\">En agosto pasado un ataque contra un hotel en S\u00e9var\u00e9, en la regi\u00f3n central de este pa\u00eds, caus\u00f3 13 muertos.<\/span><\/p>\n<\/p>\n<p><span class=\"text1noticias\">Cinco meses antes un atentado contra un restaurante capitalino cost\u00f3 la vida a 5 personas, entre ellas un franc\u00e9s y un belga.<\/span><\/p>\n<\/p>\n<p><span class=\"text1noticias\">Durante 2012 grupos vinculados a la organizaci\u00f3n terrorista Al Qaeda se apoderaron de zonas del norte de Mali.<\/span><\/p>\n<\/p>\n<p><span class=\"text1noticias\">Muchos de esos grupos fundamentalistas fueron expulsados en enero de 2013 debido a una operaci\u00f3n militar internacional a iniciativa de Francia, y todav\u00eda en vigor.<\/span><\/p>\n<\/p>\n<p><span class=\"text1noticias\">Por esa ofensiva antiterrorista intensificada a inicios de 2015 los ataques fundamentalistas se extendieron hacia el centro y el sur de este pa\u00eds.<\/span><\/p>\n<h6> 2015-11-20 13:13:13 <\/h6>\n<p><!--\n<link rel=\"stylesheet\" href=\"css\/bootstrap.min.css\">\n\n\n<ul class=\"pagination\">\n\t    \n\t\n\n<li >\n\t<a href='?page_no=22012'>Previous<\/a>\n\t<\/li>\n\n\n       \n    \n\n<li><a href='?page_no=1'>1<\/a><\/li>\n\n\n\n<li><a href='?page_no=2'>2<\/a><\/li>\n\n\n\n<li><a>...<\/a><\/li>\n\n\n\n<li><a href='?page_no=22011'>22011<\/a><\/li>\n\n\n\n<li><a href='?page_no=22012'>22012<\/a><\/li>\n\n\n\n<li class='active'><a>22013<\/a><\/li>\n\n\n\n<li><a href='?page_no=22014'>22014<\/a><\/li>\n\n\n\n<li><a href='?page_no=22015'>22015<\/a><\/li>\n\n\n\n<li><a>...<\/a><\/li>\n\n\n\n<li><a href='?page_no=51012'>51012<\/a><\/li>\n\n\n\n<li><a href='?page_no=51013'>51013<\/a><\/li>\n\n    \n\t\n\n<li >\n\t<a href='?page_no=22014'>Next<\/a>\n\t<\/li>\n\n\n    \n\n<li><a href='?page_no=51013'>Last &rsaquo;&rsaquo;<\/a><\/li>\n\n<\/ul>\n\n\n--><br \/>\n<\/body><\/p>\n","protected":false},"excerpt":{"rendered":"<p>Bamako, 20 nov (PL) Un comando terrorista que asalt\u00f3 esta madrugada un c\u00e9ntrico hotel capitalino mantiene retenidas a unas 100 personas, emiti\u00f3 la televisi\u00f3n p\u00fablica maliense ORTM. Esta ma\u00f1ana fuerzas especiales del ej\u00e9rcito local liberaron a 30 secuestrados y en la confusi\u00f3n del operativo escaparon medio centenar de rehenes, confirm\u00f3 el ministro de Seguridad, coronel [&hellip;]<\/p>\n","protected":false},"author":3,"featured_media":0,"comment_status":"open","ping_status":"open","sticky":false,"template":"","format":"standard","meta":{"footnotes":""},"categories":[23],"tags":[],"class_list":["post-252368","post","type-post","status-publish","format-standard","hentry","category-internacional"],"_links":{"self":[{"href":"https:\/\/diariodominicano.com\/index.php?rest_route=\/wp\/v2\/posts\/252368","targetHints":{"allow":["GET"]}}],"collection":[{"href":"https:\/\/diariodominicano.com\/index.php?rest_route=\/wp\/v2\/posts"}],"about":[{"href":"https:\/\/diariodominicano.com\/index.php?rest_route=\/wp\/v2\/types\/post"}],"author":[{"embeddable":true,"href":"https:\/\/diariodominicano.com\/index.php?rest_route=\/wp\/v2\/users\/3"}],"replies":[{"embeddable":true,"href":"https:\/\/diariodominicano.com\/index.php?rest_route=%2Fwp%2Fv2%2Fcomments&post=252368"}],"version-history":[{"count":0,"href":"https:\/\/diariodominicano.com\/index.php?rest_route=\/wp\/v2\/posts\/252368\/revisions"}],"wp:attachment":[{"href":"https:\/\/diariodominicano.com\/index.php?rest_route=%2Fwp%2Fv2%2Fmedia&parent=252368"}],"wp:term":[{"taxonomy":"category","embeddable":true,"href":"https:\/\/diariodominicano.com\/index.php?rest_route=%2Fwp%2Fv2%2Fcategories&post=252368"},{"taxonomy":"post_tag","embeddable":true,"href":"https:\/\/diariodominicano.com\/index.php?rest_route=%2Fwp%2Fv2%2Ftags&post=252368"}],"curies":[{"name":"wp","href":"https:\/\/api.w.org\/{rel}","templated":true}]}}