{"id":252367,"date":"2015-11-20T13:31:26","date_gmt":"2015-11-20T13:31:26","guid":{"rendered":"http:\/\/diariodominicano.ddns.net\/?p=252367"},"modified":"2015-11-20T13:31:26","modified_gmt":"2015-11-20T13:31:26","slug":"cumbre-apec-economia-terrorismo-y-otros-temas","status":"publish","type":"post","link":"https:\/\/diariodominicano.com\/?p=252367","title":{"rendered":"&#13;Cumbre APEC: Econom\u00eda, terrorismo y otros temas\t&#13;"},"content":{"rendered":"<p><body><\/p>\n<p><img decoding=\"async\" src=\"img3\/apec-xxiiicumbre.jpg\" \/>  <\/p>\n<p>Manila, 20 nov (PL) La XXIII Cumbre del Foro APEC pasa a la historia como una reuni\u00f3n donde el terrorismo y las tensiones en el Sudeste Asi\u00e1tico por disputas territoriales robaron espacio a la raz\u00f3n de ser de ese mecanismo: la cooperaci\u00f3n econ\u00f3mica.<\/p>\n<\/p>\n<p>Uno de los elementos que contribuy\u00f3 a ese hecho fue el anuncio del presidente Barack Obama, previo al inicio del encuentro de los d\u00edas 18 y 19 de noviembre, de ayuda a pa\u00edses de la mencionada zona para \u00bfgarantizar la seguridad de sus aguas y la libertad de navegaci\u00f3n\u00bf.<\/p>\n<\/p>\n<p>La decisi\u00f3n, en detrimento de una soluci\u00f3n regional a ese conflicto, tiene que ver con el litigio asociado al Mar de China Meridional- nombrado de forma diferente por otras naciones.<\/p>\n<\/p>\n<p>En vez de traer alguna buena noticia como representante de la primera econom\u00eda del mundo, Obama introdujo nuevas preocupaciones y su anunciada asistencia solo a\u00f1ade tensiones, seg\u00fan advierten analistas.<\/p>\n<\/p>\n<p>Otro tema con protagonismo en esta cumbre fue el terrorismo, condenado en la declaraci\u00f3n final del encuentro, una posici\u00f3n esperada de parte de los l\u00edderes de las 21 econom\u00edas agrupadas en APEC ante los recientes atentados en Francia, El L\u00edbano, Nigeria y la voladura de un avi\u00f3n de Rusia, miembro del bloque.<\/p>\n<\/p>\n<p>Adem\u00e1s de la repulsa, tambi\u00e9n se subray\u00f3 la urgente necesidad de una mayor cooperaci\u00f3n internacional en la lucha contra ese flagelo.<\/p>\n<\/p>\n<p>Sin olvidar que la cita estuvo acompa\u00f1ada, como suele ocurrir en estas reuniones, de manifestaciones contra las propuestas del foro, defensor del libre comercio. Las protestas fueron reprimidas con fuerza por la polic\u00eda.<\/p>\n<\/p>\n<p>Quienes se oponen a esas pol\u00edticas consideran que estas todav\u00eda est\u00e1n por dar frutos, como expres\u00f3 un integrante de la Nueva Alianza Patri\u00f3tica, de Filipinas.<\/p>\n<\/p>\n<p>Renato Reyes se\u00f1al\u00f3 que a pesar de aplicarse las recetas sugeridas, su pa\u00eds sigue siendo subdesarrollado, mientras mucha m\u00e1s personas est\u00e1n desempleadas, en la pobreza y hambrientas.<\/p>\n<\/p>\n<p>En la cumbre se habl\u00f3 de fomentar la peque\u00f1as y medianas empresas, finanzas, comercio, la Agenda de Desarrollo Sostenible 2030 y de institucionalizar los v\u00ednculos entre APEC y la Alianza del Pac\u00edfico, entre otros temas de una cita convocada con el lema \u00abConstruyendo econom\u00edas inclusivas, construyendo un mundo mejor\u00bb.<\/p>\n<\/p>\n<p>La declaraci\u00f3n final reitera compromisos como el de garantizar que el futuro crecimiento sea fuerte, equilibrado, sostenible, inclusivo e impulsado por la innovaci\u00f3n, en tanto se admite que la expansi\u00f3n es desigual y sigue sin cumplir las expectativas.<\/p>\n<\/p>\n<p>Tambi\u00e9n se reconoce que, a pesar de los avances en la lucha contra la pobreza, esta todav\u00eda es una realidad para millones de personas en la regi\u00f3n y se aboga por mayores esfuerzos para su reducci\u00f3n y erradicaci\u00f3n.<\/p>\n<\/p>\n<p>Cabe recordar que en Asia-Pac\u00edfico mil 600 millones de personas viven con menos de dos d\u00f3lares al d\u00eda, a pesar de ser la regi\u00f3n de las econom\u00edas de m\u00e1s r\u00e1pido crecimiento, a lo que se a\u00f1ade una ampliaci\u00f3n de la brecha entre ricos y pobres.<\/p>\n<\/p>\n<p>Ese tema se mantiene entonces como una de las tareas pendientes de APEC y solo su soluci\u00f3n podr\u00e1 dar m\u00e1s credibilidad al foro, que sesionar\u00e1 el pr\u00f3ximo a\u00f1o en Per\u00fa y luego en Vietnam.<\/p>\n<\/p>\n<p>Al bloque pertenecen tambi\u00e9n Australia, Brunei, Canad\u00e1, Chile, China, Indonesia, Jap\u00f3n, Singapur, Surcorea, Malasia, M\u00e9xico, Nueva Zelanda, Taiw\u00e1n, Hong Kong, Pap\u00faa Nueva Guinea y Vietnam.<\/p>\n<h6> 2015-11-20 13:31:26 <\/h6>\n<p><!--\n<link rel=\"stylesheet\" href=\"css\/bootstrap.min.css\">\n\n\n<ul class=\"pagination\">\n\t    \n\t\n\n<li >\n\t<a href='?page_no=22011'>Previous<\/a>\n\t<\/li>\n\n\n       \n    \n\n<li><a href='?page_no=1'>1<\/a><\/li>\n\n\n\n<li><a href='?page_no=2'>2<\/a><\/li>\n\n\n\n<li><a>...<\/a><\/li>\n\n\n\n<li><a href='?page_no=22010'>22010<\/a><\/li>\n\n\n\n<li><a href='?page_no=22011'>22011<\/a><\/li>\n\n\n\n<li class='active'><a>22012<\/a><\/li>\n\n\n\n<li><a href='?page_no=22013'>22013<\/a><\/li>\n\n\n\n<li><a href='?page_no=22014'>22014<\/a><\/li>\n\n\n\n<li><a>...<\/a><\/li>\n\n\n\n<li><a href='?page_no=51012'>51012<\/a><\/li>\n\n\n\n<li><a href='?page_no=51013'>51013<\/a><\/li>\n\n    \n\t\n\n<li >\n\t<a href='?page_no=22013'>Next<\/a>\n\t<\/li>\n\n\n    \n\n<li><a href='?page_no=51013'>Last &rsaquo;&rsaquo;<\/a><\/li>\n\n<\/ul>\n\n\n--><br \/>\n<\/body><\/p>\n","protected":false},"excerpt":{"rendered":"<p>Manila, 20 nov (PL) La XXIII Cumbre del Foro APEC pasa a la historia como una reuni\u00f3n donde el terrorismo y las tensiones en el Sudeste Asi\u00e1tico por disputas territoriales robaron espacio a la raz\u00f3n de ser de ese mecanismo: la cooperaci\u00f3n econ\u00f3mica. Uno de los elementos que contribuy\u00f3 a ese hecho fue el anuncio [&hellip;]<\/p>\n","protected":false},"author":3,"featured_media":0,"comment_status":"open","ping_status":"open","sticky":false,"template":"","format":"standard","meta":{"footnotes":""},"categories":[23],"tags":[],"class_list":["post-252367","post","type-post","status-publish","format-standard","hentry","category-internacional"],"_links":{"self":[{"href":"https:\/\/diariodominicano.com\/index.php?rest_route=\/wp\/v2\/posts\/252367","targetHints":{"allow":["GET"]}}],"collection":[{"href":"https:\/\/diariodominicano.com\/index.php?rest_route=\/wp\/v2\/posts"}],"about":[{"href":"https:\/\/diariodominicano.com\/index.php?rest_route=\/wp\/v2\/types\/post"}],"author":[{"embeddable":true,"href":"https:\/\/diariodominicano.com\/index.php?rest_route=\/wp\/v2\/users\/3"}],"replies":[{"embeddable":true,"href":"https:\/\/diariodominicano.com\/index.php?rest_route=%2Fwp%2Fv2%2Fcomments&post=252367"}],"version-history":[{"count":0,"href":"https:\/\/diariodominicano.com\/index.php?rest_route=\/wp\/v2\/posts\/252367\/revisions"}],"wp:attachment":[{"href":"https:\/\/diariodominicano.com\/index.php?rest_route=%2Fwp%2Fv2%2Fmedia&parent=252367"}],"wp:term":[{"taxonomy":"category","embeddable":true,"href":"https:\/\/diariodominicano.com\/index.php?rest_route=%2Fwp%2Fv2%2Fcategories&post=252367"},{"taxonomy":"post_tag","embeddable":true,"href":"https:\/\/diariodominicano.com\/index.php?rest_route=%2Fwp%2Fv2%2Ftags&post=252367"}],"curies":[{"name":"wp","href":"https:\/\/api.w.org\/{rel}","templated":true}]}}